{"id":916,"date":"2026-08-30T16:52:42","date_gmt":"2026-08-30T19:52:42","guid":{"rendered":"https:\/\/ministeriocomfamilias.com.br\/?p=916"},"modified":"2026-08-30T18:00:45","modified_gmt":"2026-08-30T21:00:45","slug":"ressurgir-solo-com-o-grupo-vida-abundante","status":"publish","type":"post","link":"https:\/\/ministeriocomfamilias.com.br\/en\/ressurgir-solo-com-o-grupo-vida-abundante\/","title":{"rendered":"RESSURGIR &#8211; SOLO COM O GRUPO: VIDA ABUNDANTE"},"content":{"rendered":"<h3 class=\"wp-block-heading ext-animate--on\"><strong>RESSURGIR \u2014 M\u00fasica interpretada pelo Pr. N\u00e9lson Gouv\u00eaa<\/strong><\/h3>\n\n\n\n<figure class=\"wp-block-embed is-type-video is-provider-youtube wp-block-embed-youtube ext-animate--on wp-embed-aspect-4-3 wp-has-aspect-ratio\"><div class=\"wp-block-embed__wrapper\">\n<iframe loading=\"lazy\" title=\"Ressurgir - Pr. N\u00e9lson Gouv\u00eaa\" width=\"500\" height=\"375\" src=\"https:\/\/www.youtube.com\/embed\/3rVRi_t7-p0?feature=oembed\" frameborder=\"0\" allow=\"accelerometer; autoplay; clipboard-write; encrypted-media; gyroscope; picture-in-picture; web-share\" referrerpolicy=\"strict-origin-when-cross-origin\" allowfullscreen><\/iframe>\n<\/div><\/figure>\n\n\n\n<p class=\"ext-animate--on wp-block-paragraph\"><strong>\u201cRessurgir\u201d<\/strong> \u00e9 uma can\u00e7\u00e3o que nos conduz ao centro da mensagem do Evangelho: o sofrimento, a morte e a gloriosa ressurrei\u00e7\u00e3o de nosso Senhor e Salvador Jesus Cristo. A m\u00fasica retrata a profundidade do sacrif\u00edcio de Cristo na cruz, o pre\u00e7o do pecado e a dor daquele momento, mas aponta para a maior vit\u00f3ria da hist\u00f3ria: Jesus venceu a morte e ressurgiu, trazendo esperan\u00e7a e vida para todos aqueles que nEle creem.<\/p>\n\n\n\n<p class=\"ext-animate--on wp-block-paragraph\">Esta interpreta\u00e7\u00e3o possui tamb\u00e9m um significado muito especial por fazer parte da hist\u00f3ria do <strong>Pr. N\u00e9lson Gouv\u00eaa<\/strong>, que, na \u00e9poca, era seminarista do <strong>Semin\u00e1rio Evang\u00e9lico Bet\u00e2nia, em Coronel Fabriciano-MG<\/strong>, quando integrava o <strong>Grupo Vida Abundante<\/strong>. \u00c9 um registro de uma fase importante de sua caminhada crist\u00e3 e ministerial, quando a m\u00fasica era utilizada como instrumento de adora\u00e7\u00e3o, evangeliza\u00e7\u00e3o e proclama\u00e7\u00e3o da Palavra de Deus.<\/p>\n\n\n\n<p class=\"ext-animate--on wp-block-paragraph\">\u201cRessurgir\u201d nos lembra que a cruz n\u00e3o foi o fim. O t\u00famulo vazio declarou ao mundo que Cristo havia vencido a morte. Aquele que foi humilhado foi exaltado; aquele que sofreu foi glorificado; aquele que morreu ressuscitou. Ele prometeu retornar para buscar a sua Igreja.<\/p>\n\n\n\n<p class=\"ext-animate--on wp-block-paragraph\">A mensagem da can\u00e7\u00e3o continua atual: <strong>h\u00e1 esperan\u00e7a porque Jesus vive!<\/strong> Sua ressurrei\u00e7\u00e3o \u00e9 a garantia de que a morte n\u00e3o tem a palavra final para aqueles que depositam sua f\u00e9 em Cristo. Como declara a Escritura: <strong>\u201cEle n\u00e3o est\u00e1 aqui; ressuscitou, como tinha dito.\u201d<\/strong> (Mateus 28:6).<\/p>\n\n\n\n<p class=\"ext-animate--on wp-block-paragraph\">Esta grava\u00e7\u00e3o que aconteceu no ano de 1982  e representa, portanto, n\u00e3o apenas uma m\u00fasica, mas uma mem\u00f3ria de f\u00e9, uma express\u00e3o de adora\u00e7\u00e3o e uma proclama\u00e7\u00e3o poderosa da vit\u00f3ria de Jesus Cristo. <strong>Ele sofreu, morreu e ressuscitou para nos dar vida. Ele venceu a morte para que pud\u00e9ssemos ressurgir para uma nova vida nEle.<\/strong><\/p>\n\n\n\n<p class=\"ext-animate--on wp-block-paragraph\"><\/p>\n\n\n\n<p class=\"ext-animate--on wp-block-paragraph\"><\/p>","protected":false},"excerpt":{"rendered":"<p>RESSURGIR \u2014 M\u00fasica interpretada pelo Pr. N\u00e9lson Gouv\u00eaa \u201cRessurgir\u201d \u00e9 uma can\u00e7\u00e3o que nos conduz ao centro da mensagem do Evangelho: o sofrimento, a morte e a gloriosa ressurrei\u00e7\u00e3o de nosso Senhor e Salvador Jesus Cristo. A m\u00fasica retrata a profundidade do sacrif\u00edcio de Cristo na cruz, o pre\u00e7o do pecado e a dor daquele [&hellip;]<\/p>\n","protected":false},"author":2,"featured_media":927,"comment_status":"open","ping_status":"open","sticky":false,"template":"","format":"standard","meta":{"footnotes":""},"categories":[142],"tags":[428,425,119,429,432,43,208,435,434,306,268,426,346,424,427,431,430,433,323],"class_list":["post-916","post","type-post","status-publish","format-standard","has-post-thumbnail","hentry","category-videos","tag-betania","tag-cancao","tag-cristo","tag-cruz","tag-escritura","tag-esperanca","tag-evangelizacao","tag-gravacao","tag-grupo-vida-abundante","tag-historia","tag-jesus","tag-mensagem","tag-morte","tag-ressurgir","tag-sacrificio","tag-seminarista","tag-sofrimento","tag-tumulo","tag-vazio"],"yoast_head":"<!-- This site is optimized with the Yoast SEO plugin v28.3 - https:\/\/yoast.com\/product\/yoast-seo-wordpress\/ -->\n<title>RESSURGIR - SOLO COM O GRUPO: VIDA ABUNDANTE - Minist\u00e9rio com Fam\u00edlias Jesus \u00e9 Senhor<\/title>\n<meta name=\"robots\" content=\"index, follow, max-snippet:-1, max-image-preview:large, max-video-preview:-1\" \/>\n<link rel=\"canonical\" href=\"https:\/\/ministeriocomfamilias.com.br\/en\/ressurgir-solo-com-o-grupo-vida-abundante\/\" \/>\n<meta property=\"og:locale\" content=\"en_US\" \/>\n<meta property=\"og:type\" content=\"article\" \/>\n<meta property=\"og:title\" content=\"RESSURGIR - SOLO COM O GRUPO: VIDA ABUNDANTE - Minist\u00e9rio com Fam\u00edlias Jesus \u00e9 Senhor\" \/>\n<meta property=\"og:description\" content=\"RESSURGIR \u2014 M\u00fasica interpretada pelo Pr. N\u00e9lson Gouv\u00eaa \u201cRessurgir\u201d \u00e9 uma can\u00e7\u00e3o que nos conduz ao centro da mensagem do Evangelho: o sofrimento, a morte e a gloriosa ressurrei\u00e7\u00e3o de nosso Senhor e Salvador Jesus Cristo. A m\u00fasica retrata a profundidade do sacrif\u00edcio de Cristo na cruz, o pre\u00e7o do pecado e a dor daquele [&hellip;]\" \/>\n<meta property=\"og:url\" content=\"https:\/\/ministeriocomfamilias.com.br\/en\/ressurgir-solo-com-o-grupo-vida-abundante\/\" \/>\n<meta property=\"og:site_name\" content=\"Minist\u00e9rio com Fam\u00edlias Jesus \u00e9 Senhor\" \/>\n<meta property=\"article:published_time\" content=\"2026-08-30T19:52:42+00:00\" \/>\n<meta property=\"article:modified_time\" content=\"2026-08-30T21:00:45+00:00\" \/>\n<meta property=\"og:image\" content=\"https:\/\/ministeriocomfamilias.com.br\/wp-content\/uploads\/2026\/08\/disco-1.jpg\" \/>\n\t<meta property=\"og:image:width\" content=\"706\" \/>\n\t<meta property=\"og:image:height\" content=\"720\" \/>\n\t<meta property=\"og:image:type\" content=\"image\/jpeg\" \/>\n<meta name=\"author\" content=\"Pr. Nelson Gouv\u00eaa\" \/>\n<meta name=\"twitter:card\" content=\"summary_large_image\" \/>\n<meta name=\"twitter:label1\" content=\"Written by\" \/>\n\t<meta name=\"twitter:data1\" content=\"Pr. Nelson Gouv\u00eaa\" \/>\n\t<meta name=\"twitter:label2\" content=\"Est. reading time\" \/>\n\t<meta name=\"twitter:data2\" content=\"2 minutes\" \/>\n<script type=\"application\/ld+json\" class=\"yoast-schema-graph\">{\"@context\":\"https:\\\/\\\/schema.org\",\"@graph\":[{\"@type\":\"Article\",\"@id\":\"https:\\\/\\\/ministeriocomfamilias.com.br\\\/ressurgir-solo-com-o-grupo-vida-abundante\\\/#article\",\"isPartOf\":{\"@id\":\"https:\\\/\\\/ministeriocomfamilias.com.br\\\/ressurgir-solo-com-o-grupo-vida-abundante\\\/\"},\"author\":{\"name\":\"Pr. Nelson Gouv\u00eaa\",\"@id\":\"https:\\\/\\\/ministeriocomfamilias.com.br\\\/#\\\/schema\\\/person\\\/cec4a3d0054d26ab912f7da686121ef7\"},\"headline\":\"RESSURGIR &#8211; SOLO COM O GRUPO: VIDA ABUNDANTE\",\"datePublished\":\"2026-08-30T19:52:42+00:00\",\"dateModified\":\"2026-08-30T21:00:45+00:00\",\"mainEntityOfPage\":{\"@id\":\"https:\\\/\\\/ministeriocomfamilias.com.br\\\/ressurgir-solo-com-o-grupo-vida-abundante\\\/\"},\"wordCount\":343,\"commentCount\":0,\"publisher\":{\"@id\":\"https:\\\/\\\/ministeriocomfamilias.com.br\\\/#organization\"},\"image\":{\"@id\":\"https:\\\/\\\/ministeriocomfamilias.com.br\\\/ressurgir-solo-com-o-grupo-vida-abundante\\\/#primaryimage\"},\"thumbnailUrl\":\"https:\\\/\\\/ministeriocomfamilias.com.br\\\/wp-content\\\/uploads\\\/2026\\\/08\\\/disco-1.jpg\",\"keywords\":[\"Bet\u00e2nia\",\"Can\u00e7\u00e3o\",\"Cristo\",\"Cruz\",\"Escritura\",\"Esperan\u00e7a\",\"evangeliza\u00e7\u00e3o\",\"Grava\u00e7\u00e3o\",\"Grupo Vida Abundante\",\"Hist\u00f3ria\",\"Jesus\",\"Mensagem\",\"Morte\",\"Ressurgir\",\"Sacrif\u00edcio\",\"Seminarista\",\"Sofrimento\",\"T\u00famulo\",\"Vazio\"],\"articleSection\":[\"Videos\"],\"inLanguage\":\"en-US\",\"potentialAction\":[{\"@type\":\"CommentAction\",\"name\":\"Comment\",\"target\":[\"https:\\\/\\\/ministeriocomfamilias.com.br\\\/ressurgir-solo-com-o-grupo-vida-abundante\\\/#respond\"]}]},{\"@type\":\"WebPage\",\"@id\":\"https:\\\/\\\/ministeriocomfamilias.com.br\\\/ressurgir-solo-com-o-grupo-vida-abundante\\\/\",\"url\":\"https:\\\/\\\/ministeriocomfamilias.com.br\\\/ressurgir-solo-com-o-grupo-vida-abundante\\\/\",\"name\":\"RESSURGIR - SOLO COM O GRUPO: VIDA ABUNDANTE - Minist\u00e9rio com Fam\u00edlias Jesus \u00e9 Senhor\",\"isPartOf\":{\"@id\":\"https:\\\/\\\/ministeriocomfamilias.com.br\\\/#website\"},\"primaryImageOfPage\":{\"@id\":\"https:\\\/\\\/ministeriocomfamilias.com.br\\\/ressurgir-solo-com-o-grupo-vida-abundante\\\/#primaryimage\"},\"image\":{\"@id\":\"https:\\\/\\\/ministeriocomfamilias.com.br\\\/ressurgir-solo-com-o-grupo-vida-abundante\\\/#primaryimage\"},\"thumbnailUrl\":\"https:\\\/\\\/ministeriocomfamilias.com.br\\\/wp-content\\\/uploads\\\/2026\\\/08\\\/disco-1.jpg\",\"datePublished\":\"2026-08-30T19:52:42+00:00\",\"dateModified\":\"2026-08-30T21:00:45+00:00\",\"breadcrumb\":{\"@id\":\"https:\\\/\\\/ministeriocomfamilias.com.br\\\/ressurgir-solo-com-o-grupo-vida-abundante\\\/#breadcrumb\"},\"inLanguage\":\"en-US\",\"potentialAction\":[{\"@type\":\"ReadAction\",\"target\":[\"https:\\\/\\\/ministeriocomfamilias.com.br\\\/ressurgir-solo-com-o-grupo-vida-abundante\\\/\"]}]},{\"@type\":\"ImageObject\",\"inLanguage\":\"en-US\",\"@id\":\"https:\\\/\\\/ministeriocomfamilias.com.br\\\/ressurgir-solo-com-o-grupo-vida-abundante\\\/#primaryimage\",\"url\":\"https:\\\/\\\/ministeriocomfamilias.com.br\\\/wp-content\\\/uploads\\\/2026\\\/08\\\/disco-1.jpg\",\"contentUrl\":\"https:\\\/\\\/ministeriocomfamilias.com.br\\\/wp-content\\\/uploads\\\/2026\\\/08\\\/disco-1.jpg\",\"width\":706,\"height\":720},{\"@type\":\"BreadcrumbList\",\"@id\":\"https:\\\/\\\/ministeriocomfamilias.com.br\\\/ressurgir-solo-com-o-grupo-vida-abundante\\\/#breadcrumb\",\"itemListElement\":[{\"@type\":\"ListItem\",\"position\":1,\"name\":\"In\u00edcio\",\"item\":\"https:\\\/\\\/ministeriocomfamilias.com.br\\\/\"},{\"@type\":\"ListItem\",\"position\":2,\"name\":\"RESSURGIR &#8211; SOLO COM O GRUPO: VIDA ABUNDANTE\"}]},{\"@type\":\"WebSite\",\"@id\":\"https:\\\/\\\/ministeriocomfamilias.com.br\\\/#website\",\"url\":\"https:\\\/\\\/ministeriocomfamilias.com.br\\\/\",\"name\":\"Minist\u00e9rio com Fam\u00edlias Jesus \u00e9 Senhor\",\"description\":\"Portal da Fam\u00edlia\",\"publisher\":{\"@id\":\"https:\\\/\\\/ministeriocomfamilias.com.br\\\/#organization\"},\"potentialAction\":[{\"@type\":\"SearchAction\",\"target\":{\"@type\":\"EntryPoint\",\"urlTemplate\":\"https:\\\/\\\/ministeriocomfamilias.com.br\\\/?s={search_term_string}\"},\"query-input\":{\"@type\":\"PropertyValueSpecification\",\"valueRequired\":true,\"valueName\":\"search_term_string\"}}],\"inLanguage\":\"en-US\"},{\"@type\":\"Organization\",\"@id\":\"https:\\\/\\\/ministeriocomfamilias.com.br\\\/#organization\",\"name\":\"Minist\u00e9rio com Fam\u00edlias Jesus \u00e9 Senhor\",\"url\":\"https:\\\/\\\/ministeriocomfamilias.com.br\\\/\",\"logo\":{\"@type\":\"ImageObject\",\"inLanguage\":\"en-US\",\"@id\":\"https:\\\/\\\/ministeriocomfamilias.com.br\\\/#\\\/schema\\\/logo\\\/image\\\/\",\"url\":\"https:\\\/\\\/ministeriocomfamilias.com.br\\\/wp-content\\\/uploads\\\/2026\\\/08\\\/logomarca-400x123-1-1.png\",\"contentUrl\":\"https:\\\/\\\/ministeriocomfamilias.com.br\\\/wp-content\\\/uploads\\\/2026\\\/08\\\/logomarca-400x123-1-1.png\",\"width\":800,\"height\":246,\"caption\":\"Minist\u00e9rio com Fam\u00edlias Jesus \u00e9 Senhor\"},\"image\":{\"@id\":\"https:\\\/\\\/ministeriocomfamilias.com.br\\\/#\\\/schema\\\/logo\\\/image\\\/\"}},{\"@type\":\"Person\",\"@id\":\"https:\\\/\\\/ministeriocomfamilias.com.br\\\/#\\\/schema\\\/person\\\/cec4a3d0054d26ab912f7da686121ef7\",\"name\":\"Pr. Nelson Gouv\u00eaa\",\"image\":{\"@type\":\"ImageObject\",\"inLanguage\":\"en-US\",\"@id\":\"https:\\\/\\\/secure.gravatar.com\\\/avatar\\\/45143889b48f48bf53caa0d255034f53f0935222a05ecd6fdaa82bc6e8e3de24?s=96&d=mm&r=g\",\"url\":\"https:\\\/\\\/secure.gravatar.com\\\/avatar\\\/45143889b48f48bf53caa0d255034f53f0935222a05ecd6fdaa82bc6e8e3de24?s=96&d=mm&r=g\",\"contentUrl\":\"https:\\\/\\\/secure.gravatar.com\\\/avatar\\\/45143889b48f48bf53caa0d255034f53f0935222a05ecd6fdaa82bc6e8e3de24?s=96&d=mm&r=g\",\"caption\":\"Pr. Nelson Gouv\u00eaa\"},\"url\":\"https:\\\/\\\/ministeriocomfamilias.com.br\\\/en\\\/author\\\/nelson\\\/\"}]}<\/script>\n<!-- \/ Yoast SEO plugin. -->","yoast_head_json":{"title":"RESSURGIR - SOLO COM O GRUPO: VIDA ABUNDANTE - Minist\u00e9rio com Fam\u00edlias Jesus \u00e9 Senhor","robots":{"index":"index","follow":"follow","max-snippet":"max-snippet:-1","max-image-preview":"max-image-preview:large","max-video-preview":"max-video-preview:-1"},"canonical":"https:\/\/ministeriocomfamilias.com.br\/en\/ressurgir-solo-com-o-grupo-vida-abundante\/","og_locale":"en_US","og_type":"article","og_title":"RESSURGIR - SOLO COM O GRUPO: VIDA ABUNDANTE - Minist\u00e9rio com Fam\u00edlias Jesus \u00e9 Senhor","og_description":"RESSURGIR \u2014 M\u00fasica interpretada pelo Pr. N\u00e9lson Gouv\u00eaa \u201cRessurgir\u201d \u00e9 uma can\u00e7\u00e3o que nos conduz ao centro da mensagem do Evangelho: o sofrimento, a morte e a gloriosa ressurrei\u00e7\u00e3o de nosso Senhor e Salvador Jesus Cristo. A m\u00fasica retrata a profundidade do sacrif\u00edcio de Cristo na cruz, o pre\u00e7o do pecado e a dor daquele [&hellip;]","og_url":"https:\/\/ministeriocomfamilias.com.br\/en\/ressurgir-solo-com-o-grupo-vida-abundante\/","og_site_name":"Minist\u00e9rio com Fam\u00edlias Jesus \u00e9 Senhor","article_published_time":"2026-08-30T19:52:42+00:00","article_modified_time":"2026-08-30T21:00:45+00:00","og_image":[{"width":706,"height":720,"url":"https:\/\/ministeriocomfamilias.com.br\/wp-content\/uploads\/2026\/08\/disco-1.jpg","type":"image\/jpeg"}],"author":"Pr. Nelson Gouv\u00eaa","twitter_card":"summary_large_image","twitter_misc":{"Written by":"Pr. Nelson Gouv\u00eaa","Est. reading time":"2 minutes"},"schema":{"@context":"https:\/\/schema.org","@graph":[{"@type":"Article","@id":"https:\/\/ministeriocomfamilias.com.br\/ressurgir-solo-com-o-grupo-vida-abundante\/#article","isPartOf":{"@id":"https:\/\/ministeriocomfamilias.com.br\/ressurgir-solo-com-o-grupo-vida-abundante\/"},"author":{"name":"Pr. Nelson Gouv\u00eaa","@id":"https:\/\/ministeriocomfamilias.com.br\/#\/schema\/person\/cec4a3d0054d26ab912f7da686121ef7"},"headline":"RESSURGIR &#8211; SOLO COM O GRUPO: VIDA ABUNDANTE","datePublished":"2026-08-30T19:52:42+00:00","dateModified":"2026-08-30T21:00:45+00:00","mainEntityOfPage":{"@id":"https:\/\/ministeriocomfamilias.com.br\/ressurgir-solo-com-o-grupo-vida-abundante\/"},"wordCount":343,"commentCount":0,"publisher":{"@id":"https:\/\/ministeriocomfamilias.com.br\/#organization"},"image":{"@id":"https:\/\/ministeriocomfamilias.com.br\/ressurgir-solo-com-o-grupo-vida-abundante\/#primaryimage"},"thumbnailUrl":"https:\/\/ministeriocomfamilias.com.br\/wp-content\/uploads\/2026\/08\/disco-1.jpg","keywords":["Bet\u00e2nia","Can\u00e7\u00e3o","Cristo","Cruz","Escritura","Esperan\u00e7a","evangeliza\u00e7\u00e3o","Grava\u00e7\u00e3o","Grupo Vida Abundante","Hist\u00f3ria","Jesus","Mensagem","Morte","Ressurgir","Sacrif\u00edcio","Seminarista","Sofrimento","T\u00famulo","Vazio"],"articleSection":["Videos"],"inLanguage":"en-US","potentialAction":[{"@type":"CommentAction","name":"Comment","target":["https:\/\/ministeriocomfamilias.com.br\/ressurgir-solo-com-o-grupo-vida-abundante\/#respond"]}]},{"@type":"WebPage","@id":"https:\/\/ministeriocomfamilias.com.br\/ressurgir-solo-com-o-grupo-vida-abundante\/","url":"https:\/\/ministeriocomfamilias.com.br\/ressurgir-solo-com-o-grupo-vida-abundante\/","name":"RESSURGIR - SOLO COM O GRUPO: VIDA ABUNDANTE - Minist\u00e9rio com Fam\u00edlias Jesus \u00e9 Senhor","isPartOf":{"@id":"https:\/\/ministeriocomfamilias.com.br\/#website"},"primaryImageOfPage":{"@id":"https:\/\/ministeriocomfamilias.com.br\/ressurgir-solo-com-o-grupo-vida-abundante\/#primaryimage"},"image":{"@id":"https:\/\/ministeriocomfamilias.com.br\/ressurgir-solo-com-o-grupo-vida-abundante\/#primaryimage"},"thumbnailUrl":"https:\/\/ministeriocomfamilias.com.br\/wp-content\/uploads\/2026\/08\/disco-1.jpg","datePublished":"2026-08-30T19:52:42+00:00","dateModified":"2026-08-30T21:00:45+00:00","breadcrumb":{"@id":"https:\/\/ministeriocomfamilias.com.br\/ressurgir-solo-com-o-grupo-vida-abundante\/#breadcrumb"},"inLanguage":"en-US","potentialAction":[{"@type":"ReadAction","target":["https:\/\/ministeriocomfamilias.com.br\/ressurgir-solo-com-o-grupo-vida-abundante\/"]}]},{"@type":"ImageObject","inLanguage":"en-US","@id":"https:\/\/ministeriocomfamilias.com.br\/ressurgir-solo-com-o-grupo-vida-abundante\/#primaryimage","url":"https:\/\/ministeriocomfamilias.com.br\/wp-content\/uploads\/2026\/08\/disco-1.jpg","contentUrl":"https:\/\/ministeriocomfamilias.com.br\/wp-content\/uploads\/2026\/08\/disco-1.jpg","width":706,"height":720},{"@type":"BreadcrumbList","@id":"https:\/\/ministeriocomfamilias.com.br\/ressurgir-solo-com-o-grupo-vida-abundante\/#breadcrumb","itemListElement":[{"@type":"ListItem","position":1,"name":"In\u00edcio","item":"https:\/\/ministeriocomfamilias.com.br\/"},{"@type":"ListItem","position":2,"name":"RESSURGIR &#8211; SOLO COM O GRUPO: VIDA ABUNDANTE"}]},{"@type":"WebSite","@id":"https:\/\/ministeriocomfamilias.com.br\/#website","url":"https:\/\/ministeriocomfamilias.com.br\/","name":"Minist\u00e9rio com Fam\u00edlias Jesus \u00e9 Senhor","description":"Portal da Fam\u00edlia","publisher":{"@id":"https:\/\/ministeriocomfamilias.com.br\/#organization"},"potentialAction":[{"@type":"SearchAction","target":{"@type":"EntryPoint","urlTemplate":"https:\/\/ministeriocomfamilias.com.br\/?s={search_term_string}"},"query-input":{"@type":"PropertyValueSpecification","valueRequired":true,"valueName":"search_term_string"}}],"inLanguage":"en-US"},{"@type":"Organization","@id":"https:\/\/ministeriocomfamilias.com.br\/#organization","name":"Minist\u00e9rio com Fam\u00edlias Jesus \u00e9 Senhor","url":"https:\/\/ministeriocomfamilias.com.br\/","logo":{"@type":"ImageObject","inLanguage":"en-US","@id":"https:\/\/ministeriocomfamilias.com.br\/#\/schema\/logo\/image\/","url":"https:\/\/ministeriocomfamilias.com.br\/wp-content\/uploads\/2026\/08\/logomarca-400x123-1-1.png","contentUrl":"https:\/\/ministeriocomfamilias.com.br\/wp-content\/uploads\/2026\/08\/logomarca-400x123-1-1.png","width":800,"height":246,"caption":"Minist\u00e9rio com Fam\u00edlias Jesus \u00e9 Senhor"},"image":{"@id":"https:\/\/ministeriocomfamilias.com.br\/#\/schema\/logo\/image\/"}},{"@type":"Person","@id":"https:\/\/ministeriocomfamilias.com.br\/#\/schema\/person\/cec4a3d0054d26ab912f7da686121ef7","name":"Pr. Nelson Gouv\u00eaa","image":{"@type":"ImageObject","inLanguage":"en-US","@id":"https:\/\/secure.gravatar.com\/avatar\/45143889b48f48bf53caa0d255034f53f0935222a05ecd6fdaa82bc6e8e3de24?s=96&d=mm&r=g","url":"https:\/\/secure.gravatar.com\/avatar\/45143889b48f48bf53caa0d255034f53f0935222a05ecd6fdaa82bc6e8e3de24?s=96&d=mm&r=g","contentUrl":"https:\/\/secure.gravatar.com\/avatar\/45143889b48f48bf53caa0d255034f53f0935222a05ecd6fdaa82bc6e8e3de24?s=96&d=mm&r=g","caption":"Pr. Nelson Gouv\u00eaa"},"url":"https:\/\/ministeriocomfamilias.com.br\/en\/author\/nelson\/"}]}},"_links":{"self":[{"href":"https:\/\/ministeriocomfamilias.com.br\/en\/wp-json\/wp\/v2\/posts\/916","targetHints":{"allow":["GET"]}}],"collection":[{"href":"https:\/\/ministeriocomfamilias.com.br\/en\/wp-json\/wp\/v2\/posts"}],"about":[{"href":"https:\/\/ministeriocomfamilias.com.br\/en\/wp-json\/wp\/v2\/types\/post"}],"author":[{"embeddable":true,"href":"https:\/\/ministeriocomfamilias.com.br\/en\/wp-json\/wp\/v2\/users\/2"}],"replies":[{"embeddable":true,"href":"https:\/\/ministeriocomfamilias.com.br\/en\/wp-json\/wp\/v2\/comments?post=916"}],"version-history":[{"count":3,"href":"https:\/\/ministeriocomfamilias.com.br\/en\/wp-json\/wp\/v2\/posts\/916\/revisions"}],"predecessor-version":[{"id":921,"href":"https:\/\/ministeriocomfamilias.com.br\/en\/wp-json\/wp\/v2\/posts\/916\/revisions\/921"}],"wp:featuredmedia":[{"embeddable":true,"href":"https:\/\/ministeriocomfamilias.com.br\/en\/wp-json\/wp\/v2\/media\/927"}],"wp:attachment":[{"href":"https:\/\/ministeriocomfamilias.com.br\/en\/wp-json\/wp\/v2\/media?parent=916"}],"wp:term":[{"taxonomy":"category","embeddable":true,"href":"https:\/\/ministeriocomfamilias.com.br\/en\/wp-json\/wp\/v2\/categories?post=916"},{"taxonomy":"post_tag","embeddable":true,"href":"https:\/\/ministeriocomfamilias.com.br\/en\/wp-json\/wp\/v2\/tags?post=916"}],"curies":[{"name":"wp","href":"https:\/\/api.w.org\/{rel}","templated":true}]}}