{"id":958,"date":"2026-08-31T16:33:37","date_gmt":"2026-08-31T19:33:37","guid":{"rendered":"https:\/\/ministeriocomfamilias.com.br\/?p=958"},"modified":"2026-08-31T16:39:36","modified_gmt":"2026-08-31T19:39:36","slug":"o-exercicio-da-oracao","status":"publish","type":"post","link":"https:\/\/ministeriocomfamilias.com.br\/en\/o-exercicio-da-oracao\/","title":{"rendered":"O EXERC\u00cdCIO DA ORA\u00c7\u00c3O"},"content":{"rendered":"<p class=\"ext-animate--on wp-block-paragraph\"><strong>\u201cPerseverai na ora\u00e7\u00e3o, vigiando com a\u00e7\u00f5es de gra\u00e7as.\u201d<\/strong> <strong>(Colossenses 4:2)<\/strong><\/p>\n\n\n\n<p class=\"ext-animate--on wp-block-paragraph\">Vive-se em uma \u00e9poca em que as pessoas constantemente s\u00e3o incentivadas a praticar exerc\u00edcios f\u00edsicos, como caminhar, fazer muscula\u00e7\u00e3o, frequentar academias ou praticar diferentes atividades com o objetivo de cuidar da sa\u00fade e fortalecer o corpo.<\/p>\n\n\n\n<p class=\"ext-animate--on wp-block-paragraph\">Mas e quanto \u00e0 nossa <strong>sa\u00fade espiritual<\/strong>?<\/p>\n\n\n\n<p class=\"ext-animate--on wp-block-paragraph\">Quando falamos sobre ora\u00e7\u00e3o, muitas vezes deixamos a desejar. Gostamos de cantar louvores, participar dos cultos, ouvir uma boa exposi\u00e7\u00e3o da Palavra, contribuir com d\u00edzimos e ofertas e realizar boas obras. Tudo isso \u00e9 importante, mas n\u00e3o podemos negligenciar uma das pr\u00e1ticas fundamentais da vida crist\u00e3: <strong>a ora\u00e7\u00e3o<\/strong>. A ora\u00e7\u00e3o \u00e9 para a vida espiritual aquilo que o exerc\u00edcio \u00e9 para o corpo. Precisamos pratic\u00e1-la regularmente para fortalecer nossa f\u00e9, aprofundar nosso relacionamento com Deus e permanecer firmes diante das adversidades.<\/p>\n\n\n\n<p class=\"ext-animate--on wp-block-paragraph\">A B\u00edblia nos orienta: <strong>\u201cOrai em todo o tempo com toda ora\u00e7\u00e3o e s\u00faplica no Esp\u00edrito, e para isso vigiai com toda perseveran\u00e7a e s\u00faplica por todos os santos.\u201d<\/strong> <strong>(Ef\u00e9sios 6:18)<\/strong> Observe as palavras: <strong>\u201cem todo o tempo\u201d, \u201cvigiai\u201d e \u201cperseveran\u00e7a\u201d.<\/strong> A ora\u00e7\u00e3o n\u00e3o deve acontecer somente quando enfrentamos problemas. Ela deve fazer parte da nossa rotina, porque ora\u00e7\u00e3o \u00e9 relacionamento com Deus.<\/p>\n\n\n\n<p class=\"ext-animate--on wp-block-paragraph\">Paulo tamb\u00e9m escreveu: <strong>\u201cOrai sem cessar. Em tudo da\u00ed gra\u00e7as, porque esta \u00e9 a vontade de Deus em Cristo Jesus para convosco.\u201d<\/strong> <strong>(I Tessalonicenses 5:17-18)<\/strong> Orar sem cessar n\u00e3o significa permanecer o dia inteiro de joelhos, mas manter o cora\u00e7\u00e3o continuamente conectado ao Senhor, buscando Sua dire\u00e7\u00e3o, agradecendo por Suas b\u00ean\u00e7\u00e3os e apresentando a Ele nossas necessidades.<\/p>\n\n\n\n<p class=\"ext-animate--on wp-block-paragraph\">Jesus tamb\u00e9m ensinou sobre a import\u00e2ncia da perseveran\u00e7a na ora\u00e7\u00e3o: <strong>\u201cE contou-lhes uma par\u00e1bola sobre o dever de orar sempre e nunca desanimar.\u201d (Lucas 18:1)<\/strong> Talvez voc\u00ea esteja orando por algo h\u00e1 muito tempo e ainda n\u00e3o tenha recebido a resposta que espera. <strong>N\u00e3o desista!<\/strong> Continue orando, confiando e aguardando o tempo de Deus. Quanto mais desenvolvemos uma vida de ora\u00e7\u00e3o, mais fortalecidos estaremos para enfrentar as lutas da vida. A ora\u00e7\u00e3o n\u00e3o muda apenas circunst\u00e2ncias; <strong>ela tamb\u00e9m transforma o cora\u00e7\u00e3o de quem ora.<\/strong><\/p>\n\n\n\n<p class=\"ext-animate--on wp-block-paragraph\">Separe diariamente um tempo para estar a s\u00f3s com Deus. Fale com Ele sobre seus sonhos, medos, necessidades, fam\u00edlia e decis\u00f5es. Ore tamb\u00e9m por outras pessoas. <strong>Exercite sua f\u00e9 por meio da ora\u00e7\u00e3o.<\/strong> Fortale\u00e7a seus m\u00fasculos espirituais e mantenha sua comunh\u00e3o com o Senhor. <strong>Que sua vida de ora\u00e7\u00e3o seja cada dia mais profunda e constante!<\/strong><\/p>\n\n\n\n<p class=\"ext-animate--on wp-block-paragraph\"><strong>Deus lhe aben\u00e7oe em fam\u00edlia!<\/strong><\/p>\n\n\n\n<p class=\"ext-animate--on wp-block-paragraph\"><\/p>","protected":false},"excerpt":{"rendered":"<p>\u201cPerseverai na ora\u00e7\u00e3o, vigiando com a\u00e7\u00f5es de gra\u00e7as.\u201d (Colossenses 4:2) Vive-se em uma \u00e9poca em que as pessoas constantemente s\u00e3o incentivadas a praticar exerc\u00edcios f\u00edsicos, como caminhar, fazer muscula\u00e7\u00e3o, frequentar academias ou praticar diferentes atividades com o objetivo de cuidar da sa\u00fade e fortalecer o corpo. Mas e quanto \u00e0 nossa sa\u00fade espiritual? Quando falamos [&hellip;]<\/p>\n","protected":false},"author":2,"featured_media":960,"comment_status":"open","ping_status":"open","sticky":false,"template":"","format":"standard","meta":{"footnotes":""},"categories":[15],"tags":[439,139,177,437,248,300,441,420,436,42,443,440,438,442,41,385,179,407,118],"class_list":["post-958","post","type-post","status-publish","format-standard","has-post-thumbnail","hentry","category-devocionais","tag-academias","tag-adoracao","tag-adversidades","tag-caminhar","tag-coracao","tag-corpo","tag-dizimos","tag-espirito","tag-exercicios-fisicos","tag-fe","tag-joelhos","tag-louvores","tag-musculacao","tag-ofertas","tag-oracao","tag-palavra","tag-perseveranca","tag-saude","tag-vida-crista"],"yoast_head":"<!-- This site is optimized with the Yoast SEO plugin v28.3 - https:\/\/yoast.com\/product\/yoast-seo-wordpress\/ -->\n<title>O EXERC\u00cdCIO DA ORA\u00c7\u00c3O - Minist\u00e9rio com Fam\u00edlias Jesus \u00e9 Senhor<\/title>\n<meta name=\"robots\" content=\"index, follow, max-snippet:-1, max-image-preview:large, max-video-preview:-1\" \/>\n<link rel=\"canonical\" href=\"https:\/\/ministeriocomfamilias.com.br\/en\/o-exercicio-da-oracao\/\" \/>\n<meta property=\"og:locale\" content=\"en_US\" \/>\n<meta property=\"og:type\" content=\"article\" \/>\n<meta property=\"og:title\" content=\"O EXERC\u00cdCIO DA ORA\u00c7\u00c3O - Minist\u00e9rio com Fam\u00edlias Jesus \u00e9 Senhor\" \/>\n<meta property=\"og:description\" content=\"\u201cPerseverai na ora\u00e7\u00e3o, vigiando com a\u00e7\u00f5es de gra\u00e7as.\u201d (Colossenses 4:2) Vive-se em uma \u00e9poca em que as pessoas constantemente s\u00e3o incentivadas a praticar exerc\u00edcios f\u00edsicos, como caminhar, fazer muscula\u00e7\u00e3o, frequentar academias ou praticar diferentes atividades com o objetivo de cuidar da sa\u00fade e fortalecer o corpo. Mas e quanto \u00e0 nossa sa\u00fade espiritual? Quando falamos [&hellip;]\" \/>\n<meta property=\"og:url\" content=\"https:\/\/ministeriocomfamilias.com.br\/en\/o-exercicio-da-oracao\/\" \/>\n<meta property=\"og:site_name\" content=\"Minist\u00e9rio com Fam\u00edlias Jesus \u00e9 Senhor\" \/>\n<meta property=\"article:published_time\" content=\"2026-08-31T19:33:37+00:00\" \/>\n<meta property=\"article:modified_time\" content=\"2026-08-31T19:39:36+00:00\" \/>\n<meta property=\"og:image\" content=\"https:\/\/ministeriocomfamilias.com.br\/wp-content\/uploads\/2026\/08\/Exercicio-1024x683.png\" \/>\n\t<meta property=\"og:image:width\" content=\"1024\" \/>\n\t<meta property=\"og:image:height\" content=\"683\" \/>\n\t<meta property=\"og:image:type\" content=\"image\/png\" \/>\n<meta name=\"author\" content=\"Pr. Nelson Gouv\u00eaa\" \/>\n<meta name=\"twitter:card\" content=\"summary_large_image\" \/>\n<meta name=\"twitter:label1\" content=\"Written by\" \/>\n\t<meta name=\"twitter:data1\" content=\"Pr. Nelson Gouv\u00eaa\" \/>\n\t<meta name=\"twitter:label2\" content=\"Est. reading time\" \/>\n\t<meta name=\"twitter:data2\" content=\"3 minutes\" \/>\n<script type=\"application\/ld+json\" class=\"yoast-schema-graph\">{\"@context\":\"https:\\\/\\\/schema.org\",\"@graph\":[{\"@type\":\"Article\",\"@id\":\"https:\\\/\\\/ministeriocomfamilias.com.br\\\/o-exercicio-da-oracao\\\/#article\",\"isPartOf\":{\"@id\":\"https:\\\/\\\/ministeriocomfamilias.com.br\\\/o-exercicio-da-oracao\\\/\"},\"author\":{\"name\":\"Pr. Nelson Gouv\u00eaa\",\"@id\":\"https:\\\/\\\/ministeriocomfamilias.com.br\\\/#\\\/schema\\\/person\\\/cec4a3d0054d26ab912f7da686121ef7\"},\"headline\":\"O EXERC\u00cdCIO DA ORA\u00c7\u00c3O\",\"datePublished\":\"2026-08-31T19:33:37+00:00\",\"dateModified\":\"2026-08-31T19:39:36+00:00\",\"mainEntityOfPage\":{\"@id\":\"https:\\\/\\\/ministeriocomfamilias.com.br\\\/o-exercicio-da-oracao\\\/\"},\"wordCount\":456,\"commentCount\":0,\"publisher\":{\"@id\":\"https:\\\/\\\/ministeriocomfamilias.com.br\\\/#organization\"},\"image\":{\"@id\":\"https:\\\/\\\/ministeriocomfamilias.com.br\\\/o-exercicio-da-oracao\\\/#primaryimage\"},\"thumbnailUrl\":\"https:\\\/\\\/ministeriocomfamilias.com.br\\\/wp-content\\\/uploads\\\/2026\\\/08\\\/Exercicio.png\",\"keywords\":[\"Academias\",\"Adora\u00e7\u00e3o\",\"Adversidades\",\"Caminhar\",\"Cora\u00e7\u00e3o\",\"Corpo\",\"D\u00edzimos\",\"Esp\u00edrito\",\"Exerc\u00edcios F\u00edsicos\",\"F\u00e9\",\"Joelhos\",\"Louvores\",\"Muscula\u00e7\u00e3o\",\"Ofertas\",\"Ora\u00e7\u00e3o\",\"Palavra\",\"Perseveran\u00e7a.\",\"Sa\u00fade\",\"vida crist\u00e3\"],\"articleSection\":[\"Devocionais\"],\"inLanguage\":\"en-US\",\"potentialAction\":[{\"@type\":\"CommentAction\",\"name\":\"Comment\",\"target\":[\"https:\\\/\\\/ministeriocomfamilias.com.br\\\/o-exercicio-da-oracao\\\/#respond\"]}]},{\"@type\":\"WebPage\",\"@id\":\"https:\\\/\\\/ministeriocomfamilias.com.br\\\/o-exercicio-da-oracao\\\/\",\"url\":\"https:\\\/\\\/ministeriocomfamilias.com.br\\\/o-exercicio-da-oracao\\\/\",\"name\":\"O EXERC\u00cdCIO DA ORA\u00c7\u00c3O - Minist\u00e9rio com Fam\u00edlias Jesus \u00e9 Senhor\",\"isPartOf\":{\"@id\":\"https:\\\/\\\/ministeriocomfamilias.com.br\\\/#website\"},\"primaryImageOfPage\":{\"@id\":\"https:\\\/\\\/ministeriocomfamilias.com.br\\\/o-exercicio-da-oracao\\\/#primaryimage\"},\"image\":{\"@id\":\"https:\\\/\\\/ministeriocomfamilias.com.br\\\/o-exercicio-da-oracao\\\/#primaryimage\"},\"thumbnailUrl\":\"https:\\\/\\\/ministeriocomfamilias.com.br\\\/wp-content\\\/uploads\\\/2026\\\/08\\\/Exercicio.png\",\"datePublished\":\"2026-08-31T19:33:37+00:00\",\"dateModified\":\"2026-08-31T19:39:36+00:00\",\"breadcrumb\":{\"@id\":\"https:\\\/\\\/ministeriocomfamilias.com.br\\\/o-exercicio-da-oracao\\\/#breadcrumb\"},\"inLanguage\":\"en-US\",\"potentialAction\":[{\"@type\":\"ReadAction\",\"target\":[\"https:\\\/\\\/ministeriocomfamilias.com.br\\\/o-exercicio-da-oracao\\\/\"]}]},{\"@type\":\"ImageObject\",\"inLanguage\":\"en-US\",\"@id\":\"https:\\\/\\\/ministeriocomfamilias.com.br\\\/o-exercicio-da-oracao\\\/#primaryimage\",\"url\":\"https:\\\/\\\/ministeriocomfamilias.com.br\\\/wp-content\\\/uploads\\\/2026\\\/08\\\/Exercicio.png\",\"contentUrl\":\"https:\\\/\\\/ministeriocomfamilias.com.br\\\/wp-content\\\/uploads\\\/2026\\\/08\\\/Exercicio.png\",\"width\":1536,\"height\":1024},{\"@type\":\"BreadcrumbList\",\"@id\":\"https:\\\/\\\/ministeriocomfamilias.com.br\\\/o-exercicio-da-oracao\\\/#breadcrumb\",\"itemListElement\":[{\"@type\":\"ListItem\",\"position\":1,\"name\":\"In\u00edcio\",\"item\":\"https:\\\/\\\/ministeriocomfamilias.com.br\\\/\"},{\"@type\":\"ListItem\",\"position\":2,\"name\":\"O EXERC\u00cdCIO DA ORA\u00c7\u00c3O\"}]},{\"@type\":\"WebSite\",\"@id\":\"https:\\\/\\\/ministeriocomfamilias.com.br\\\/#website\",\"url\":\"https:\\\/\\\/ministeriocomfamilias.com.br\\\/\",\"name\":\"Minist\u00e9rio com Fam\u00edlias Jesus \u00e9 Senhor\",\"description\":\"Portal da Fam\u00edlia\",\"publisher\":{\"@id\":\"https:\\\/\\\/ministeriocomfamilias.com.br\\\/#organization\"},\"potentialAction\":[{\"@type\":\"SearchAction\",\"target\":{\"@type\":\"EntryPoint\",\"urlTemplate\":\"https:\\\/\\\/ministeriocomfamilias.com.br\\\/?s={search_term_string}\"},\"query-input\":{\"@type\":\"PropertyValueSpecification\",\"valueRequired\":true,\"valueName\":\"search_term_string\"}}],\"inLanguage\":\"en-US\"},{\"@type\":\"Organization\",\"@id\":\"https:\\\/\\\/ministeriocomfamilias.com.br\\\/#organization\",\"name\":\"Minist\u00e9rio com Fam\u00edlias Jesus \u00e9 Senhor\",\"url\":\"https:\\\/\\\/ministeriocomfamilias.com.br\\\/\",\"logo\":{\"@type\":\"ImageObject\",\"inLanguage\":\"en-US\",\"@id\":\"https:\\\/\\\/ministeriocomfamilias.com.br\\\/#\\\/schema\\\/logo\\\/image\\\/\",\"url\":\"https:\\\/\\\/ministeriocomfamilias.com.br\\\/wp-content\\\/uploads\\\/2026\\\/08\\\/logomarca-400x123-1-1.png\",\"contentUrl\":\"https:\\\/\\\/ministeriocomfamilias.com.br\\\/wp-content\\\/uploads\\\/2026\\\/08\\\/logomarca-400x123-1-1.png\",\"width\":800,\"height\":246,\"caption\":\"Minist\u00e9rio com Fam\u00edlias Jesus \u00e9 Senhor\"},\"image\":{\"@id\":\"https:\\\/\\\/ministeriocomfamilias.com.br\\\/#\\\/schema\\\/logo\\\/image\\\/\"}},{\"@type\":\"Person\",\"@id\":\"https:\\\/\\\/ministeriocomfamilias.com.br\\\/#\\\/schema\\\/person\\\/cec4a3d0054d26ab912f7da686121ef7\",\"name\":\"Pr. Nelson Gouv\u00eaa\",\"image\":{\"@type\":\"ImageObject\",\"inLanguage\":\"en-US\",\"@id\":\"https:\\\/\\\/secure.gravatar.com\\\/avatar\\\/45143889b48f48bf53caa0d255034f53f0935222a05ecd6fdaa82bc6e8e3de24?s=96&d=mm&r=g\",\"url\":\"https:\\\/\\\/secure.gravatar.com\\\/avatar\\\/45143889b48f48bf53caa0d255034f53f0935222a05ecd6fdaa82bc6e8e3de24?s=96&d=mm&r=g\",\"contentUrl\":\"https:\\\/\\\/secure.gravatar.com\\\/avatar\\\/45143889b48f48bf53caa0d255034f53f0935222a05ecd6fdaa82bc6e8e3de24?s=96&d=mm&r=g\",\"caption\":\"Pr. Nelson Gouv\u00eaa\"},\"url\":\"https:\\\/\\\/ministeriocomfamilias.com.br\\\/en\\\/author\\\/nelson\\\/\"}]}<\/script>\n<!-- \/ Yoast SEO plugin. -->","yoast_head_json":{"title":"O EXERC\u00cdCIO DA ORA\u00c7\u00c3O - Minist\u00e9rio com Fam\u00edlias Jesus \u00e9 Senhor","robots":{"index":"index","follow":"follow","max-snippet":"max-snippet:-1","max-image-preview":"max-image-preview:large","max-video-preview":"max-video-preview:-1"},"canonical":"https:\/\/ministeriocomfamilias.com.br\/en\/o-exercicio-da-oracao\/","og_locale":"en_US","og_type":"article","og_title":"O EXERC\u00cdCIO DA ORA\u00c7\u00c3O - Minist\u00e9rio com Fam\u00edlias Jesus \u00e9 Senhor","og_description":"\u201cPerseverai na ora\u00e7\u00e3o, vigiando com a\u00e7\u00f5es de gra\u00e7as.\u201d (Colossenses 4:2) Vive-se em uma \u00e9poca em que as pessoas constantemente s\u00e3o incentivadas a praticar exerc\u00edcios f\u00edsicos, como caminhar, fazer muscula\u00e7\u00e3o, frequentar academias ou praticar diferentes atividades com o objetivo de cuidar da sa\u00fade e fortalecer o corpo. Mas e quanto \u00e0 nossa sa\u00fade espiritual? Quando falamos [&hellip;]","og_url":"https:\/\/ministeriocomfamilias.com.br\/en\/o-exercicio-da-oracao\/","og_site_name":"Minist\u00e9rio com Fam\u00edlias Jesus \u00e9 Senhor","article_published_time":"2026-08-31T19:33:37+00:00","article_modified_time":"2026-08-31T19:39:36+00:00","og_image":[{"width":1024,"height":683,"url":"https:\/\/ministeriocomfamilias.com.br\/wp-content\/uploads\/2026\/08\/Exercicio-1024x683.png","type":"image\/png"}],"author":"Pr. Nelson Gouv\u00eaa","twitter_card":"summary_large_image","twitter_misc":{"Written by":"Pr. Nelson Gouv\u00eaa","Est. reading time":"3 minutes"},"schema":{"@context":"https:\/\/schema.org","@graph":[{"@type":"Article","@id":"https:\/\/ministeriocomfamilias.com.br\/o-exercicio-da-oracao\/#article","isPartOf":{"@id":"https:\/\/ministeriocomfamilias.com.br\/o-exercicio-da-oracao\/"},"author":{"name":"Pr. Nelson Gouv\u00eaa","@id":"https:\/\/ministeriocomfamilias.com.br\/#\/schema\/person\/cec4a3d0054d26ab912f7da686121ef7"},"headline":"O EXERC\u00cdCIO DA ORA\u00c7\u00c3O","datePublished":"2026-08-31T19:33:37+00:00","dateModified":"2026-08-31T19:39:36+00:00","mainEntityOfPage":{"@id":"https:\/\/ministeriocomfamilias.com.br\/o-exercicio-da-oracao\/"},"wordCount":456,"commentCount":0,"publisher":{"@id":"https:\/\/ministeriocomfamilias.com.br\/#organization"},"image":{"@id":"https:\/\/ministeriocomfamilias.com.br\/o-exercicio-da-oracao\/#primaryimage"},"thumbnailUrl":"https:\/\/ministeriocomfamilias.com.br\/wp-content\/uploads\/2026\/08\/Exercicio.png","keywords":["Academias","Adora\u00e7\u00e3o","Adversidades","Caminhar","Cora\u00e7\u00e3o","Corpo","D\u00edzimos","Esp\u00edrito","Exerc\u00edcios F\u00edsicos","F\u00e9","Joelhos","Louvores","Muscula\u00e7\u00e3o","Ofertas","Ora\u00e7\u00e3o","Palavra","Perseveran\u00e7a.","Sa\u00fade","vida crist\u00e3"],"articleSection":["Devocionais"],"inLanguage":"en-US","potentialAction":[{"@type":"CommentAction","name":"Comment","target":["https:\/\/ministeriocomfamilias.com.br\/o-exercicio-da-oracao\/#respond"]}]},{"@type":"WebPage","@id":"https:\/\/ministeriocomfamilias.com.br\/o-exercicio-da-oracao\/","url":"https:\/\/ministeriocomfamilias.com.br\/o-exercicio-da-oracao\/","name":"O EXERC\u00cdCIO DA ORA\u00c7\u00c3O - Minist\u00e9rio com Fam\u00edlias Jesus \u00e9 Senhor","isPartOf":{"@id":"https:\/\/ministeriocomfamilias.com.br\/#website"},"primaryImageOfPage":{"@id":"https:\/\/ministeriocomfamilias.com.br\/o-exercicio-da-oracao\/#primaryimage"},"image":{"@id":"https:\/\/ministeriocomfamilias.com.br\/o-exercicio-da-oracao\/#primaryimage"},"thumbnailUrl":"https:\/\/ministeriocomfamilias.com.br\/wp-content\/uploads\/2026\/08\/Exercicio.png","datePublished":"2026-08-31T19:33:37+00:00","dateModified":"2026-08-31T19:39:36+00:00","breadcrumb":{"@id":"https:\/\/ministeriocomfamilias.com.br\/o-exercicio-da-oracao\/#breadcrumb"},"inLanguage":"en-US","potentialAction":[{"@type":"ReadAction","target":["https:\/\/ministeriocomfamilias.com.br\/o-exercicio-da-oracao\/"]}]},{"@type":"ImageObject","inLanguage":"en-US","@id":"https:\/\/ministeriocomfamilias.com.br\/o-exercicio-da-oracao\/#primaryimage","url":"https:\/\/ministeriocomfamilias.com.br\/wp-content\/uploads\/2026\/08\/Exercicio.png","contentUrl":"https:\/\/ministeriocomfamilias.com.br\/wp-content\/uploads\/2026\/08\/Exercicio.png","width":1536,"height":1024},{"@type":"BreadcrumbList","@id":"https:\/\/ministeriocomfamilias.com.br\/o-exercicio-da-oracao\/#breadcrumb","itemListElement":[{"@type":"ListItem","position":1,"name":"In\u00edcio","item":"https:\/\/ministeriocomfamilias.com.br\/"},{"@type":"ListItem","position":2,"name":"O EXERC\u00cdCIO DA ORA\u00c7\u00c3O"}]},{"@type":"WebSite","@id":"https:\/\/ministeriocomfamilias.com.br\/#website","url":"https:\/\/ministeriocomfamilias.com.br\/","name":"Minist\u00e9rio com Fam\u00edlias Jesus \u00e9 Senhor","description":"Portal da Fam\u00edlia","publisher":{"@id":"https:\/\/ministeriocomfamilias.com.br\/#organization"},"potentialAction":[{"@type":"SearchAction","target":{"@type":"EntryPoint","urlTemplate":"https:\/\/ministeriocomfamilias.com.br\/?s={search_term_string}"},"query-input":{"@type":"PropertyValueSpecification","valueRequired":true,"valueName":"search_term_string"}}],"inLanguage":"en-US"},{"@type":"Organization","@id":"https:\/\/ministeriocomfamilias.com.br\/#organization","name":"Minist\u00e9rio com Fam\u00edlias Jesus \u00e9 Senhor","url":"https:\/\/ministeriocomfamilias.com.br\/","logo":{"@type":"ImageObject","inLanguage":"en-US","@id":"https:\/\/ministeriocomfamilias.com.br\/#\/schema\/logo\/image\/","url":"https:\/\/ministeriocomfamilias.com.br\/wp-content\/uploads\/2026\/08\/logomarca-400x123-1-1.png","contentUrl":"https:\/\/ministeriocomfamilias.com.br\/wp-content\/uploads\/2026\/08\/logomarca-400x123-1-1.png","width":800,"height":246,"caption":"Minist\u00e9rio com Fam\u00edlias Jesus \u00e9 Senhor"},"image":{"@id":"https:\/\/ministeriocomfamilias.com.br\/#\/schema\/logo\/image\/"}},{"@type":"Person","@id":"https:\/\/ministeriocomfamilias.com.br\/#\/schema\/person\/cec4a3d0054d26ab912f7da686121ef7","name":"Pr. Nelson Gouv\u00eaa","image":{"@type":"ImageObject","inLanguage":"en-US","@id":"https:\/\/secure.gravatar.com\/avatar\/45143889b48f48bf53caa0d255034f53f0935222a05ecd6fdaa82bc6e8e3de24?s=96&d=mm&r=g","url":"https:\/\/secure.gravatar.com\/avatar\/45143889b48f48bf53caa0d255034f53f0935222a05ecd6fdaa82bc6e8e3de24?s=96&d=mm&r=g","contentUrl":"https:\/\/secure.gravatar.com\/avatar\/45143889b48f48bf53caa0d255034f53f0935222a05ecd6fdaa82bc6e8e3de24?s=96&d=mm&r=g","caption":"Pr. Nelson Gouv\u00eaa"},"url":"https:\/\/ministeriocomfamilias.com.br\/en\/author\/nelson\/"}]}},"_links":{"self":[{"href":"https:\/\/ministeriocomfamilias.com.br\/en\/wp-json\/wp\/v2\/posts\/958","targetHints":{"allow":["GET"]}}],"collection":[{"href":"https:\/\/ministeriocomfamilias.com.br\/en\/wp-json\/wp\/v2\/posts"}],"about":[{"href":"https:\/\/ministeriocomfamilias.com.br\/en\/wp-json\/wp\/v2\/types\/post"}],"author":[{"embeddable":true,"href":"https:\/\/ministeriocomfamilias.com.br\/en\/wp-json\/wp\/v2\/users\/2"}],"replies":[{"embeddable":true,"href":"https:\/\/ministeriocomfamilias.com.br\/en\/wp-json\/wp\/v2\/comments?post=958"}],"version-history":[{"count":1,"href":"https:\/\/ministeriocomfamilias.com.br\/en\/wp-json\/wp\/v2\/posts\/958\/revisions"}],"predecessor-version":[{"id":959,"href":"https:\/\/ministeriocomfamilias.com.br\/en\/wp-json\/wp\/v2\/posts\/958\/revisions\/959"}],"wp:featuredmedia":[{"embeddable":true,"href":"https:\/\/ministeriocomfamilias.com.br\/en\/wp-json\/wp\/v2\/media\/960"}],"wp:attachment":[{"href":"https:\/\/ministeriocomfamilias.com.br\/en\/wp-json\/wp\/v2\/media?parent=958"}],"wp:term":[{"taxonomy":"category","embeddable":true,"href":"https:\/\/ministeriocomfamilias.com.br\/en\/wp-json\/wp\/v2\/categories?post=958"},{"taxonomy":"post_tag","embeddable":true,"href":"https:\/\/ministeriocomfamilias.com.br\/en\/wp-json\/wp\/v2\/tags?post=958"}],"curies":[{"name":"wp","href":"https:\/\/api.w.org\/{rel}","templated":true}]}}