{"id":962,"date":"2026-08-31T17:23:27","date_gmt":"2026-08-31T20:23:27","guid":{"rendered":"https:\/\/ministeriocomfamilias.com.br\/?p=962"},"modified":"2026-08-31T18:03:25","modified_gmt":"2026-08-31T21:03:25","slug":"deus-esta-falando","status":"publish","type":"post","link":"https:\/\/ministeriocomfamilias.com.br\/en\/deus-esta-falando\/","title":{"rendered":"DEUS EST\u00c1 FALANDO"},"content":{"rendered":"<figure class=\"wp-block-embed is-type-video is-provider-youtube wp-block-embed-youtube ext-animate--on wp-embed-aspect-4-3 wp-has-aspect-ratio\"><div class=\"wp-block-embed__wrapper\">\n<iframe loading=\"lazy\" title=\"Deus est\u00e1 falando\" width=\"500\" height=\"375\" src=\"https:\/\/www.youtube.com\/embed\/f-Hd4NeAZFg?feature=oembed\" frameborder=\"0\" allow=\"accelerometer; autoplay; clipboard-write; encrypted-media; gyroscope; picture-in-picture; web-share\" referrerpolicy=\"strict-origin-when-cross-origin\" allowfullscreen><\/iframe>\n<\/div><\/figure>\n\n\n\n<p class=\"ext-animate--on wp-block-paragraph\"><strong>\u201cEles ser\u00e3o o meu povo, e eu serei o seu Deus.\u201d<\/strong> Essas palavras de Jeremias 32:38-40 revelam o desejo de Deus de estabelecer um relacionamento profundo, verdadeiro e permanente com o Seu povo. Em meio a um per\u00edodo de crise, medo e incertezas, Deus n\u00e3o apenas anuncia restaura\u00e7\u00e3o, mas tamb\u00e9m reafirma Sua presen\u00e7a e Sua alian\u00e7a. Ele mostra que, mesmo quando as circunst\u00e2ncias parecem contr\u00e1rias, continua falando, conduzindo e trabalhando na vida daqueles que pertencem a Ele.<\/p>\n\n\n\n<p class=\"ext-animate--on wp-block-paragraph\">Deus promete dar ao Seu povo <strong>um s\u00f3 cora\u00e7\u00e3o e um s\u00f3 caminho<\/strong>, para que possa andar em Seus mandamentos e permanecer fiel. Isso nos ensina que ouvir a voz de Deus n\u00e3o significa apenas receber uma palavra de consolo, mas tamb\u00e9m permitir que essa Palavra transforme nossas atitudes, escolhas e prioridades. Deus deseja conduzir nosso cora\u00e7\u00e3o para um caminho de obedi\u00eancia, unidade e comunh\u00e3o com Ele.<\/p>\n\n\n\n<p class=\"ext-animate--on wp-block-paragraph\">O texto tamb\u00e9m explanado na voz do Pr. N\u00e9lson Gouv\u00eaa, apresenta uma das promessas mais preciosas: Deus far\u00e1 com Seu povo uma <strong>alian\u00e7a eterna<\/strong> e colocar\u00e1 no cora\u00e7\u00e3o deles o desejo de tem\u00ea-Lo. N\u00e3o se trata de um relacionamento baseado apenas em medo ou obriga\u00e7\u00e3o, mas de uma rever\u00eancia que nasce do reconhecimento de quem Deus \u00e9 e de tudo aquilo que Ele faz.<\/p>\n\n\n\n<p class=\"ext-animate--on wp-block-paragraph\"><strong>Deus est\u00e1 falando!<\/strong> Talvez voc\u00ea esteja atravessando um momento em que tudo parece confuso, mas a voz do Senhor continua sendo capaz de trazer dire\u00e7\u00e3o, esperan\u00e7a e prop\u00f3sito. Ele chama voc\u00ea para perto, deseja ser o seu Deus e convida-o a confiar em Sua Palavra.<\/p>\n\n\n\n<p class=\"ext-animate--on wp-block-paragraph\">A mensagem de Jeremias permanece atual: <strong>Deus n\u00e3o abandonou o Seu povo. Ele continua falando, ensinando, corrigindo, restaurando e conduzindo aqueles que decidem ouvir Sua voz.<\/strong> A grande quest\u00e3o n\u00e3o \u00e9 apenas saber se Deus est\u00e1 falando, mas se estamos dispostos a parar, ouvir e obedecer.<\/p>\n\n\n\n<p class=\"ext-animate--on wp-block-paragraph\">Deus lhe aben\u00e7oe em fam\u00edlia&#8230;<\/p>","protected":false},"excerpt":{"rendered":"<p>\u201cEles ser\u00e3o o meu povo, e eu serei o seu Deus.\u201d Essas palavras de Jeremias 32:38-40 revelam o desejo de Deus de estabelecer um relacionamento profundo, verdadeiro e permanente com o Seu povo. Em meio a um per\u00edodo de crise, medo e incertezas, Deus n\u00e3o apenas anuncia restaura\u00e7\u00e3o, mas tamb\u00e9m reafirma Sua presen\u00e7a e Sua [&hellip;]<\/p>\n","protected":false},"author":2,"featured_media":963,"comment_status":"open","ping_status":"open","sticky":false,"template":"","format":"standard","meta":{"footnotes":""},"categories":[142],"tags":[451,290,450,248,446,38,254,259,43,445,255,448,444,452,52,198,35,447,449],"class_list":["post-962","post","type-post","status-publish","format-standard","has-post-thumbnail","hentry","category-videos","tag-atitudes","tag-caminho","tag-consolo","tag-coracao","tag-desejo","tag-deus","tag-direcao","tag-escolhas","tag-esperanca","tag-jeremias","tag-obediencia","tag-permanente","tag-povo","tag-prioridades","tag-proposito","tag-relacionamento","tag-restauracao","tag-verdadeiro","tag-voz-de-deus"],"yoast_head":"<!-- This site is optimized with the Yoast SEO plugin v28.3 - https:\/\/yoast.com\/product\/yoast-seo-wordpress\/ -->\n<title>DEUS EST\u00c1 FALANDO - Minist\u00e9rio com Fam\u00edlias Jesus \u00e9 Senhor<\/title>\n<meta name=\"robots\" content=\"index, follow, max-snippet:-1, max-image-preview:large, max-video-preview:-1\" \/>\n<link rel=\"canonical\" href=\"https:\/\/ministeriocomfamilias.com.br\/en\/deus-esta-falando\/\" \/>\n<meta property=\"og:locale\" content=\"en_US\" \/>\n<meta property=\"og:type\" content=\"article\" \/>\n<meta property=\"og:title\" content=\"DEUS EST\u00c1 FALANDO - Minist\u00e9rio com Fam\u00edlias Jesus \u00e9 Senhor\" \/>\n<meta property=\"og:description\" content=\"\u201cEles ser\u00e3o o meu povo, e eu serei o seu Deus.\u201d Essas palavras de Jeremias 32:38-40 revelam o desejo de Deus de estabelecer um relacionamento profundo, verdadeiro e permanente com o Seu povo. Em meio a um per\u00edodo de crise, medo e incertezas, Deus n\u00e3o apenas anuncia restaura\u00e7\u00e3o, mas tamb\u00e9m reafirma Sua presen\u00e7a e Sua [&hellip;]\" \/>\n<meta property=\"og:url\" content=\"https:\/\/ministeriocomfamilias.com.br\/en\/deus-esta-falando\/\" \/>\n<meta property=\"og:site_name\" content=\"Minist\u00e9rio com Fam\u00edlias Jesus \u00e9 Senhor\" \/>\n<meta property=\"article:published_time\" content=\"2026-08-31T20:23:27+00:00\" \/>\n<meta property=\"article:modified_time\" content=\"2026-08-31T21:03:25+00:00\" \/>\n<meta property=\"og:image\" content=\"https:\/\/ministeriocomfamilias.com.br\/wp-content\/uploads\/2026\/08\/Deus-falando.jpg\" \/>\n\t<meta property=\"og:image:width\" content=\"960\" \/>\n\t<meta property=\"og:image:height\" content=\"635\" \/>\n\t<meta property=\"og:image:type\" content=\"image\/jpeg\" \/>\n<meta name=\"author\" content=\"Pr. Nelson Gouv\u00eaa\" \/>\n<meta name=\"twitter:card\" content=\"summary_large_image\" \/>\n<meta name=\"twitter:label1\" content=\"Written by\" \/>\n\t<meta name=\"twitter:data1\" content=\"Pr. Nelson Gouv\u00eaa\" \/>\n\t<meta name=\"twitter:label2\" content=\"Est. reading time\" \/>\n\t<meta name=\"twitter:data2\" content=\"2 minutes\" \/>\n<script type=\"application\/ld+json\" class=\"yoast-schema-graph\">{\"@context\":\"https:\\\/\\\/schema.org\",\"@graph\":[{\"@type\":\"Article\",\"@id\":\"https:\\\/\\\/ministeriocomfamilias.com.br\\\/deus-esta-falando\\\/#article\",\"isPartOf\":{\"@id\":\"https:\\\/\\\/ministeriocomfamilias.com.br\\\/deus-esta-falando\\\/\"},\"author\":{\"name\":\"Pr. Nelson Gouv\u00eaa\",\"@id\":\"https:\\\/\\\/ministeriocomfamilias.com.br\\\/#\\\/schema\\\/person\\\/cec4a3d0054d26ab912f7da686121ef7\"},\"headline\":\"DEUS EST\u00c1 FALANDO\",\"datePublished\":\"2026-08-31T20:23:27+00:00\",\"dateModified\":\"2026-08-31T21:03:25+00:00\",\"mainEntityOfPage\":{\"@id\":\"https:\\\/\\\/ministeriocomfamilias.com.br\\\/deus-esta-falando\\\/\"},\"wordCount\":342,\"commentCount\":0,\"publisher\":{\"@id\":\"https:\\\/\\\/ministeriocomfamilias.com.br\\\/#organization\"},\"image\":{\"@id\":\"https:\\\/\\\/ministeriocomfamilias.com.br\\\/deus-esta-falando\\\/#primaryimage\"},\"thumbnailUrl\":\"https:\\\/\\\/ministeriocomfamilias.com.br\\\/wp-content\\\/uploads\\\/2026\\\/08\\\/Deus-falando.jpg\",\"keywords\":[\"Atitudes\",\"Caminho\",\"Consolo\",\"Cora\u00e7\u00e3o\",\"Desejo\",\"Deus\",\"Dire\u00e7\u00e3o\",\"Escolhas\",\"Esperan\u00e7a\",\"Jeremias\",\"Obedi\u00eancia\",\"permanente\",\"Povo\",\"Prioridades\",\"Prop\u00f3sito\",\"Relacionamento\",\"Restaura\u00e7\u00e3o\",\"Verdadeiro\",\"Voz de Deus\"],\"articleSection\":[\"Videos\"],\"inLanguage\":\"en-US\",\"potentialAction\":[{\"@type\":\"CommentAction\",\"name\":\"Comment\",\"target\":[\"https:\\\/\\\/ministeriocomfamilias.com.br\\\/deus-esta-falando\\\/#respond\"]}]},{\"@type\":\"WebPage\",\"@id\":\"https:\\\/\\\/ministeriocomfamilias.com.br\\\/deus-esta-falando\\\/\",\"url\":\"https:\\\/\\\/ministeriocomfamilias.com.br\\\/deus-esta-falando\\\/\",\"name\":\"DEUS EST\u00c1 FALANDO - Minist\u00e9rio com Fam\u00edlias Jesus \u00e9 Senhor\",\"isPartOf\":{\"@id\":\"https:\\\/\\\/ministeriocomfamilias.com.br\\\/#website\"},\"primaryImageOfPage\":{\"@id\":\"https:\\\/\\\/ministeriocomfamilias.com.br\\\/deus-esta-falando\\\/#primaryimage\"},\"image\":{\"@id\":\"https:\\\/\\\/ministeriocomfamilias.com.br\\\/deus-esta-falando\\\/#primaryimage\"},\"thumbnailUrl\":\"https:\\\/\\\/ministeriocomfamilias.com.br\\\/wp-content\\\/uploads\\\/2026\\\/08\\\/Deus-falando.jpg\",\"datePublished\":\"2026-08-31T20:23:27+00:00\",\"dateModified\":\"2026-08-31T21:03:25+00:00\",\"breadcrumb\":{\"@id\":\"https:\\\/\\\/ministeriocomfamilias.com.br\\\/deus-esta-falando\\\/#breadcrumb\"},\"inLanguage\":\"en-US\",\"potentialAction\":[{\"@type\":\"ReadAction\",\"target\":[\"https:\\\/\\\/ministeriocomfamilias.com.br\\\/deus-esta-falando\\\/\"]}]},{\"@type\":\"ImageObject\",\"inLanguage\":\"en-US\",\"@id\":\"https:\\\/\\\/ministeriocomfamilias.com.br\\\/deus-esta-falando\\\/#primaryimage\",\"url\":\"https:\\\/\\\/ministeriocomfamilias.com.br\\\/wp-content\\\/uploads\\\/2026\\\/08\\\/Deus-falando.jpg\",\"contentUrl\":\"https:\\\/\\\/ministeriocomfamilias.com.br\\\/wp-content\\\/uploads\\\/2026\\\/08\\\/Deus-falando.jpg\",\"width\":960,\"height\":635},{\"@type\":\"BreadcrumbList\",\"@id\":\"https:\\\/\\\/ministeriocomfamilias.com.br\\\/deus-esta-falando\\\/#breadcrumb\",\"itemListElement\":[{\"@type\":\"ListItem\",\"position\":1,\"name\":\"In\u00edcio\",\"item\":\"https:\\\/\\\/ministeriocomfamilias.com.br\\\/\"},{\"@type\":\"ListItem\",\"position\":2,\"name\":\"DEUS EST\u00c1 FALANDO\"}]},{\"@type\":\"WebSite\",\"@id\":\"https:\\\/\\\/ministeriocomfamilias.com.br\\\/#website\",\"url\":\"https:\\\/\\\/ministeriocomfamilias.com.br\\\/\",\"name\":\"Minist\u00e9rio com Fam\u00edlias Jesus \u00e9 Senhor\",\"description\":\"Portal da Fam\u00edlia\",\"publisher\":{\"@id\":\"https:\\\/\\\/ministeriocomfamilias.com.br\\\/#organization\"},\"potentialAction\":[{\"@type\":\"SearchAction\",\"target\":{\"@type\":\"EntryPoint\",\"urlTemplate\":\"https:\\\/\\\/ministeriocomfamilias.com.br\\\/?s={search_term_string}\"},\"query-input\":{\"@type\":\"PropertyValueSpecification\",\"valueRequired\":true,\"valueName\":\"search_term_string\"}}],\"inLanguage\":\"en-US\"},{\"@type\":\"Organization\",\"@id\":\"https:\\\/\\\/ministeriocomfamilias.com.br\\\/#organization\",\"name\":\"Minist\u00e9rio com Fam\u00edlias Jesus \u00e9 Senhor\",\"url\":\"https:\\\/\\\/ministeriocomfamilias.com.br\\\/\",\"logo\":{\"@type\":\"ImageObject\",\"inLanguage\":\"en-US\",\"@id\":\"https:\\\/\\\/ministeriocomfamilias.com.br\\\/#\\\/schema\\\/logo\\\/image\\\/\",\"url\":\"https:\\\/\\\/ministeriocomfamilias.com.br\\\/wp-content\\\/uploads\\\/2026\\\/08\\\/logomarca-400x123-1-1.png\",\"contentUrl\":\"https:\\\/\\\/ministeriocomfamilias.com.br\\\/wp-content\\\/uploads\\\/2026\\\/08\\\/logomarca-400x123-1-1.png\",\"width\":800,\"height\":246,\"caption\":\"Minist\u00e9rio com Fam\u00edlias Jesus \u00e9 Senhor\"},\"image\":{\"@id\":\"https:\\\/\\\/ministeriocomfamilias.com.br\\\/#\\\/schema\\\/logo\\\/image\\\/\"}},{\"@type\":\"Person\",\"@id\":\"https:\\\/\\\/ministeriocomfamilias.com.br\\\/#\\\/schema\\\/person\\\/cec4a3d0054d26ab912f7da686121ef7\",\"name\":\"Pr. Nelson Gouv\u00eaa\",\"image\":{\"@type\":\"ImageObject\",\"inLanguage\":\"en-US\",\"@id\":\"https:\\\/\\\/secure.gravatar.com\\\/avatar\\\/45143889b48f48bf53caa0d255034f53f0935222a05ecd6fdaa82bc6e8e3de24?s=96&d=mm&r=g\",\"url\":\"https:\\\/\\\/secure.gravatar.com\\\/avatar\\\/45143889b48f48bf53caa0d255034f53f0935222a05ecd6fdaa82bc6e8e3de24?s=96&d=mm&r=g\",\"contentUrl\":\"https:\\\/\\\/secure.gravatar.com\\\/avatar\\\/45143889b48f48bf53caa0d255034f53f0935222a05ecd6fdaa82bc6e8e3de24?s=96&d=mm&r=g\",\"caption\":\"Pr. Nelson Gouv\u00eaa\"},\"url\":\"https:\\\/\\\/ministeriocomfamilias.com.br\\\/en\\\/author\\\/nelson\\\/\"}]}<\/script>\n<!-- \/ Yoast SEO plugin. -->","yoast_head_json":{"title":"DEUS EST\u00c1 FALANDO - Minist\u00e9rio com Fam\u00edlias Jesus \u00e9 Senhor","robots":{"index":"index","follow":"follow","max-snippet":"max-snippet:-1","max-image-preview":"max-image-preview:large","max-video-preview":"max-video-preview:-1"},"canonical":"https:\/\/ministeriocomfamilias.com.br\/en\/deus-esta-falando\/","og_locale":"en_US","og_type":"article","og_title":"DEUS EST\u00c1 FALANDO - Minist\u00e9rio com Fam\u00edlias Jesus \u00e9 Senhor","og_description":"\u201cEles ser\u00e3o o meu povo, e eu serei o seu Deus.\u201d Essas palavras de Jeremias 32:38-40 revelam o desejo de Deus de estabelecer um relacionamento profundo, verdadeiro e permanente com o Seu povo. Em meio a um per\u00edodo de crise, medo e incertezas, Deus n\u00e3o apenas anuncia restaura\u00e7\u00e3o, mas tamb\u00e9m reafirma Sua presen\u00e7a e Sua [&hellip;]","og_url":"https:\/\/ministeriocomfamilias.com.br\/en\/deus-esta-falando\/","og_site_name":"Minist\u00e9rio com Fam\u00edlias Jesus \u00e9 Senhor","article_published_time":"2026-08-31T20:23:27+00:00","article_modified_time":"2026-08-31T21:03:25+00:00","og_image":[{"width":960,"height":635,"url":"https:\/\/ministeriocomfamilias.com.br\/wp-content\/uploads\/2026\/08\/Deus-falando.jpg","type":"image\/jpeg"}],"author":"Pr. Nelson Gouv\u00eaa","twitter_card":"summary_large_image","twitter_misc":{"Written by":"Pr. Nelson Gouv\u00eaa","Est. reading time":"2 minutes"},"schema":{"@context":"https:\/\/schema.org","@graph":[{"@type":"Article","@id":"https:\/\/ministeriocomfamilias.com.br\/deus-esta-falando\/#article","isPartOf":{"@id":"https:\/\/ministeriocomfamilias.com.br\/deus-esta-falando\/"},"author":{"name":"Pr. Nelson Gouv\u00eaa","@id":"https:\/\/ministeriocomfamilias.com.br\/#\/schema\/person\/cec4a3d0054d26ab912f7da686121ef7"},"headline":"DEUS EST\u00c1 FALANDO","datePublished":"2026-08-31T20:23:27+00:00","dateModified":"2026-08-31T21:03:25+00:00","mainEntityOfPage":{"@id":"https:\/\/ministeriocomfamilias.com.br\/deus-esta-falando\/"},"wordCount":342,"commentCount":0,"publisher":{"@id":"https:\/\/ministeriocomfamilias.com.br\/#organization"},"image":{"@id":"https:\/\/ministeriocomfamilias.com.br\/deus-esta-falando\/#primaryimage"},"thumbnailUrl":"https:\/\/ministeriocomfamilias.com.br\/wp-content\/uploads\/2026\/08\/Deus-falando.jpg","keywords":["Atitudes","Caminho","Consolo","Cora\u00e7\u00e3o","Desejo","Deus","Dire\u00e7\u00e3o","Escolhas","Esperan\u00e7a","Jeremias","Obedi\u00eancia","permanente","Povo","Prioridades","Prop\u00f3sito","Relacionamento","Restaura\u00e7\u00e3o","Verdadeiro","Voz de Deus"],"articleSection":["Videos"],"inLanguage":"en-US","potentialAction":[{"@type":"CommentAction","name":"Comment","target":["https:\/\/ministeriocomfamilias.com.br\/deus-esta-falando\/#respond"]}]},{"@type":"WebPage","@id":"https:\/\/ministeriocomfamilias.com.br\/deus-esta-falando\/","url":"https:\/\/ministeriocomfamilias.com.br\/deus-esta-falando\/","name":"DEUS EST\u00c1 FALANDO - Minist\u00e9rio com Fam\u00edlias Jesus \u00e9 Senhor","isPartOf":{"@id":"https:\/\/ministeriocomfamilias.com.br\/#website"},"primaryImageOfPage":{"@id":"https:\/\/ministeriocomfamilias.com.br\/deus-esta-falando\/#primaryimage"},"image":{"@id":"https:\/\/ministeriocomfamilias.com.br\/deus-esta-falando\/#primaryimage"},"thumbnailUrl":"https:\/\/ministeriocomfamilias.com.br\/wp-content\/uploads\/2026\/08\/Deus-falando.jpg","datePublished":"2026-08-31T20:23:27+00:00","dateModified":"2026-08-31T21:03:25+00:00","breadcrumb":{"@id":"https:\/\/ministeriocomfamilias.com.br\/deus-esta-falando\/#breadcrumb"},"inLanguage":"en-US","potentialAction":[{"@type":"ReadAction","target":["https:\/\/ministeriocomfamilias.com.br\/deus-esta-falando\/"]}]},{"@type":"ImageObject","inLanguage":"en-US","@id":"https:\/\/ministeriocomfamilias.com.br\/deus-esta-falando\/#primaryimage","url":"https:\/\/ministeriocomfamilias.com.br\/wp-content\/uploads\/2026\/08\/Deus-falando.jpg","contentUrl":"https:\/\/ministeriocomfamilias.com.br\/wp-content\/uploads\/2026\/08\/Deus-falando.jpg","width":960,"height":635},{"@type":"BreadcrumbList","@id":"https:\/\/ministeriocomfamilias.com.br\/deus-esta-falando\/#breadcrumb","itemListElement":[{"@type":"ListItem","position":1,"name":"In\u00edcio","item":"https:\/\/ministeriocomfamilias.com.br\/"},{"@type":"ListItem","position":2,"name":"DEUS EST\u00c1 FALANDO"}]},{"@type":"WebSite","@id":"https:\/\/ministeriocomfamilias.com.br\/#website","url":"https:\/\/ministeriocomfamilias.com.br\/","name":"Minist\u00e9rio com Fam\u00edlias Jesus \u00e9 Senhor","description":"Portal da Fam\u00edlia","publisher":{"@id":"https:\/\/ministeriocomfamilias.com.br\/#organization"},"potentialAction":[{"@type":"SearchAction","target":{"@type":"EntryPoint","urlTemplate":"https:\/\/ministeriocomfamilias.com.br\/?s={search_term_string}"},"query-input":{"@type":"PropertyValueSpecification","valueRequired":true,"valueName":"search_term_string"}}],"inLanguage":"en-US"},{"@type":"Organization","@id":"https:\/\/ministeriocomfamilias.com.br\/#organization","name":"Minist\u00e9rio com Fam\u00edlias Jesus \u00e9 Senhor","url":"https:\/\/ministeriocomfamilias.com.br\/","logo":{"@type":"ImageObject","inLanguage":"en-US","@id":"https:\/\/ministeriocomfamilias.com.br\/#\/schema\/logo\/image\/","url":"https:\/\/ministeriocomfamilias.com.br\/wp-content\/uploads\/2026\/08\/logomarca-400x123-1-1.png","contentUrl":"https:\/\/ministeriocomfamilias.com.br\/wp-content\/uploads\/2026\/08\/logomarca-400x123-1-1.png","width":800,"height":246,"caption":"Minist\u00e9rio com Fam\u00edlias Jesus \u00e9 Senhor"},"image":{"@id":"https:\/\/ministeriocomfamilias.com.br\/#\/schema\/logo\/image\/"}},{"@type":"Person","@id":"https:\/\/ministeriocomfamilias.com.br\/#\/schema\/person\/cec4a3d0054d26ab912f7da686121ef7","name":"Pr. Nelson Gouv\u00eaa","image":{"@type":"ImageObject","inLanguage":"en-US","@id":"https:\/\/secure.gravatar.com\/avatar\/45143889b48f48bf53caa0d255034f53f0935222a05ecd6fdaa82bc6e8e3de24?s=96&d=mm&r=g","url":"https:\/\/secure.gravatar.com\/avatar\/45143889b48f48bf53caa0d255034f53f0935222a05ecd6fdaa82bc6e8e3de24?s=96&d=mm&r=g","contentUrl":"https:\/\/secure.gravatar.com\/avatar\/45143889b48f48bf53caa0d255034f53f0935222a05ecd6fdaa82bc6e8e3de24?s=96&d=mm&r=g","caption":"Pr. Nelson Gouv\u00eaa"},"url":"https:\/\/ministeriocomfamilias.com.br\/en\/author\/nelson\/"}]}},"_links":{"self":[{"href":"https:\/\/ministeriocomfamilias.com.br\/en\/wp-json\/wp\/v2\/posts\/962","targetHints":{"allow":["GET"]}}],"collection":[{"href":"https:\/\/ministeriocomfamilias.com.br\/en\/wp-json\/wp\/v2\/posts"}],"about":[{"href":"https:\/\/ministeriocomfamilias.com.br\/en\/wp-json\/wp\/v2\/types\/post"}],"author":[{"embeddable":true,"href":"https:\/\/ministeriocomfamilias.com.br\/en\/wp-json\/wp\/v2\/users\/2"}],"replies":[{"embeddable":true,"href":"https:\/\/ministeriocomfamilias.com.br\/en\/wp-json\/wp\/v2\/comments?post=962"}],"version-history":[{"count":1,"href":"https:\/\/ministeriocomfamilias.com.br\/en\/wp-json\/wp\/v2\/posts\/962\/revisions"}],"predecessor-version":[{"id":964,"href":"https:\/\/ministeriocomfamilias.com.br\/en\/wp-json\/wp\/v2\/posts\/962\/revisions\/964"}],"wp:featuredmedia":[{"embeddable":true,"href":"https:\/\/ministeriocomfamilias.com.br\/en\/wp-json\/wp\/v2\/media\/963"}],"wp:attachment":[{"href":"https:\/\/ministeriocomfamilias.com.br\/en\/wp-json\/wp\/v2\/media?parent=962"}],"wp:term":[{"taxonomy":"category","embeddable":true,"href":"https:\/\/ministeriocomfamilias.com.br\/en\/wp-json\/wp\/v2\/categories?post=962"},{"taxonomy":"post_tag","embeddable":true,"href":"https:\/\/ministeriocomfamilias.com.br\/en\/wp-json\/wp\/v2\/tags?post=962"}],"curies":[{"name":"wp","href":"https:\/\/api.w.org\/{rel}","templated":true}]}}