{"id":973,"date":"2026-09-02T08:57:36","date_gmt":"2026-09-02T11:57:36","guid":{"rendered":"https:\/\/ministeriocomfamilias.com.br\/?p=973"},"modified":"2026-09-02T08:57:39","modified_gmt":"2026-09-02T11:57:39","slug":"o-valor-da-familia","status":"publish","type":"post","link":"https:\/\/ministeriocomfamilias.com.br\/en\/o-valor-da-familia\/","title":{"rendered":"O VALOR DA FAM\u00cdLIA"},"content":{"rendered":"<p class=\"ext-animate--on wp-block-paragraph\"><strong>\u201cTodos os nossos dias passam debaixo do teu furor; v\u00e3o-se como um murm\u00fario. Os anos de nossa vida chegam a setenta, ou a oitenta para os que t\u00eam mais vigor; entretanto, s\u00e3o anos dif\u00edceis e cheios de sofrimento, pois a vida passa depressa, e n\u00f3s voamos!\u201d<\/strong> <strong>Salmos 90:9-10<\/strong><\/p>\n\n\n\n<p class=\"ext-animate--on wp-block-paragraph\">A fam\u00edlia tem um valor inestim\u00e1vel. No entanto, muitas vezes desperdi\u00e7amos momentos preciosos da nossa exist\u00eancia porque n\u00e3o sabemos ou n\u00e3o queremos nos relacionar melhor com aqueles que Deus colocou em nossa caminhada. A verdade \u00e9 que <strong>a vida passa muito r\u00e1pido<\/strong>.<\/p>\n\n\n\n<p class=\"ext-animate--on wp-block-paragraph\">H\u00e1 algum tempo, estive em minha cidade natal, Eugen\u00f3polis-MG, justamente quando ela comemorava seus 116 anos. Uma das atra\u00e7\u00f5es foi a apresenta\u00e7\u00e3o dos avi\u00f5es da For\u00e7a A\u00e9rea Brasileira, com seus impressionantes voos acrob\u00e1ticos sobre a cidade. Aquela experi\u00eancia teve um significado especial para mim, porque os avi\u00f5es passaram justamente sobre uma pequena propriedade rural onde minha m\u00e3e me trouxe ao mundo, em um s\u00edtio dos meus av\u00f3s, com o aux\u00edlio de uma parteira. Foi emocionante estar ali, naquele momento, ao lado de familiares que amo e, ao mesmo tempo, observar aquelas m\u00e1quinas cortando rapidamente o c\u00e9u. Naquele instante, pensei em como a nossa vida tamb\u00e9m passa depressa. <strong>Nascemos, crescemos, constru\u00edmos nossa hist\u00f3ria e, quando percebemos, muitos anos j\u00e1 se passaram.<\/strong> <\/p>\n\n\n\n<p class=\"ext-animate--on wp-block-paragraph\">O salmista declara: <strong>\u201cEnsina-nos a contar os nossos dias para que alcancemos cora\u00e7\u00f5es s\u00e1bios.\u201d<\/strong> <strong>Salmos 90:12<\/strong> Essa ora\u00e7\u00e3o deveria fazer parte da nossa vida. Precisamos aprender a valorizar o tempo e, principalmente, as pessoas que Deus colocou ao nosso lado. Inf\u00e2ncia, adolesc\u00eancia, juventude, casamento, filhos e, depois, netos. Os anos passam e as pessoas que amamos tamb\u00e9m envelhecem. Algumas permanecem conosco; outras partem para a eternidade. Ent\u00e3o surge uma pergunta importante: <strong>Que legado estou construindo na vida daqueles que caminham comigo?<\/strong><\/p>\n\n\n\n<p class=\"ext-animate--on wp-block-paragraph\">Ser\u00e1 que temos sido bons filhos, pais, c\u00f4njuges, av\u00f3s, irm\u00e3os, amigos e companheiros? Quantas vezes poder\u00edamos ter oferecido mais aten\u00e7\u00e3o, tempo, carinho, perd\u00e3o, compreens\u00e3o e amor? Quantas palavras poderiam ter sido diferentes? Quantas m\u00e1goas poderiam ter sido evitadas se tiv\u00e9ssemos escolhido o di\u00e1logo em vez da discuss\u00e3o? A Palavra de Deus nos orienta: <strong>\u201cSe for poss\u00edvel, quanto depender de voc\u00eas, vivam em paz com todos.\u201d<\/strong> <strong>Romanos 12:18<\/strong> N\u00e3o podemos voltar ao passado para mudar aquilo que fizemos ou deixamos de fazer. Mas <strong>podemos escolher como viver daqui para frente<\/strong>. Por isso, valorize sua fam\u00edlia. Dedique tempo de qualidade aos seus queridos. Abrace mais, converse mais, perdoe mais e julgue menos. N\u00e3o espere uma doen\u00e7a, uma despedida ou um funeral para perceber o quanto determinada pessoa era importante para voc\u00ea.<\/p>\n\n\n\n<p class=\"ext-animate--on wp-block-paragraph\">A B\u00edblia tamb\u00e9m nos aconselha: <strong>\u201cEnquanto temos oportunidade, fa\u00e7amos o bem a todos, especialmente aos da fam\u00edlia da f\u00e9.\u201d<\/strong> <strong>G\u00e1latas 6:10<\/strong> A vida \u00e9 breve. Nossos dias passam como um sopro, e n\u00f3s voamos. Portanto, enquanto temos tempo, <strong>sejamos b\u00ean\u00e7\u00e3o na vida daqueles que Deus colocou em nosso caminho<\/strong>. Que, ao olharmos para tr\u00e1s, possamos agradecer ao Senhor pelas oportunidades que tivemos de amar, servir, perdoar e aben\u00e7oar. E que, ao olharmos para frente, ainda encontremos tempo para construir relacionamentos mais saud\u00e1veis e deixar um legado de amor.<\/p>\n\n\n\n<p class=\"ext-animate--on wp-block-paragraph\"><strong>Valorize sua fam\u00edlia hoje. O tempo n\u00e3o volta, mas o amor demonstrado hoje pode permanecer para sempre no cora\u00e7\u00e3o daqueles que amamos.<\/strong><\/p>\n\n\n\n<p class=\"ext-animate--on wp-block-paragraph\"><strong>Deus lhe aben\u00e7oe em fam\u00edlia!<\/strong><\/p>\n\n\n\n<p class=\"ext-animate--on wp-block-paragraph\"><\/p>","protected":false},"excerpt":{"rendered":"<p>\u201cTodos os nossos dias passam debaixo do teu furor; v\u00e3o-se como um murm\u00fario. Os anos de nossa vida chegam a setenta, ou a oitenta para os que t\u00eam mais vigor; entretanto, s\u00e3o anos dif\u00edceis e cheios de sofrimento, pois a vida passa depressa, e n\u00f3s voamos!\u201d Salmos 90:9-10 A fam\u00edlia tem um valor inestim\u00e1vel. No [&hellip;]<\/p>\n","protected":false},"author":2,"featured_media":974,"comment_status":"open","ping_status":"open","sticky":false,"template":"","format":"standard","meta":{"footnotes":""},"categories":[10],"tags":[485,475,479,486,290,488,484,248,38,477,24,77,478,487,483,480,489,47,481,327,482,152,476,201],"class_list":["post-973","post","type-post","status-publish","format-standard","has-post-thumbnail","hentry","category-familia","tag-amigos","tag-anos","tag-avioes","tag-avos","tag-caminho","tag-companheiros","tag-conjuges","tag-coracao","tag-deus","tag-eugenopolis","tag-familia","tag-filhos","tag-forca-aerea","tag-irmaos","tag-legado","tag-mae","tag-oportunidades","tag-palavra-de-deus","tag-parteira","tag-paz","tag-rural","tag-senhor","tag-valor","tag-vida"],"yoast_head":"<!-- This site is optimized with the Yoast SEO plugin v28.3 - https:\/\/yoast.com\/product\/yoast-seo-wordpress\/ -->\n<title>O VALOR DA FAM\u00cdLIA - Minist\u00e9rio com Fam\u00edlias Jesus \u00e9 Senhor<\/title>\n<meta name=\"robots\" content=\"index, follow, max-snippet:-1, max-image-preview:large, max-video-preview:-1\" \/>\n<link rel=\"canonical\" href=\"https:\/\/ministeriocomfamilias.com.br\/en\/o-valor-da-familia\/\" \/>\n<meta property=\"og:locale\" content=\"en_US\" \/>\n<meta property=\"og:type\" content=\"article\" \/>\n<meta property=\"og:title\" content=\"O VALOR DA FAM\u00cdLIA - Minist\u00e9rio com Fam\u00edlias Jesus \u00e9 Senhor\" \/>\n<meta property=\"og:description\" content=\"\u201cTodos os nossos dias passam debaixo do teu furor; v\u00e3o-se como um murm\u00fario. Os anos de nossa vida chegam a setenta, ou a oitenta para os que t\u00eam mais vigor; entretanto, s\u00e3o anos dif\u00edceis e cheios de sofrimento, pois a vida passa depressa, e n\u00f3s voamos!\u201d Salmos 90:9-10 A fam\u00edlia tem um valor inestim\u00e1vel. No [&hellip;]\" \/>\n<meta property=\"og:url\" content=\"https:\/\/ministeriocomfamilias.com.br\/en\/o-valor-da-familia\/\" \/>\n<meta property=\"og:site_name\" content=\"Minist\u00e9rio com Fam\u00edlias Jesus \u00e9 Senhor\" \/>\n<meta property=\"article:published_time\" content=\"2026-09-02T11:57:36+00:00\" \/>\n<meta property=\"article:modified_time\" content=\"2026-09-02T11:57:39+00:00\" \/>\n<meta property=\"og:image\" content=\"https:\/\/ministeriocomfamilias.com.br\/wp-content\/uploads\/2026\/09\/Eugenoplis-1024x683.png\" \/>\n\t<meta property=\"og:image:width\" content=\"1024\" \/>\n\t<meta property=\"og:image:height\" content=\"683\" \/>\n\t<meta property=\"og:image:type\" content=\"image\/png\" \/>\n<meta name=\"author\" content=\"Pr. Nelson Gouv\u00eaa\" \/>\n<meta name=\"twitter:card\" content=\"summary_large_image\" \/>\n<meta name=\"twitter:label1\" content=\"Written by\" \/>\n\t<meta name=\"twitter:data1\" content=\"Pr. Nelson Gouv\u00eaa\" \/>\n\t<meta name=\"twitter:label2\" content=\"Est. reading time\" \/>\n\t<meta name=\"twitter:data2\" content=\"4 minutes\" \/>\n<script type=\"application\/ld+json\" class=\"yoast-schema-graph\">{\"@context\":\"https:\\\/\\\/schema.org\",\"@graph\":[{\"@type\":\"Article\",\"@id\":\"https:\\\/\\\/ministeriocomfamilias.com.br\\\/o-valor-da-familia\\\/#article\",\"isPartOf\":{\"@id\":\"https:\\\/\\\/ministeriocomfamilias.com.br\\\/o-valor-da-familia\\\/\"},\"author\":{\"name\":\"Pr. Nelson Gouv\u00eaa\",\"@id\":\"https:\\\/\\\/ministeriocomfamilias.com.br\\\/#\\\/schema\\\/person\\\/cec4a3d0054d26ab912f7da686121ef7\"},\"headline\":\"O VALOR DA FAM\u00cdLIA\",\"datePublished\":\"2026-09-02T11:57:36+00:00\",\"dateModified\":\"2026-09-02T11:57:39+00:00\",\"mainEntityOfPage\":{\"@id\":\"https:\\\/\\\/ministeriocomfamilias.com.br\\\/o-valor-da-familia\\\/\"},\"wordCount\":605,\"commentCount\":0,\"publisher\":{\"@id\":\"https:\\\/\\\/ministeriocomfamilias.com.br\\\/#organization\"},\"image\":{\"@id\":\"https:\\\/\\\/ministeriocomfamilias.com.br\\\/o-valor-da-familia\\\/#primaryimage\"},\"thumbnailUrl\":\"https:\\\/\\\/ministeriocomfamilias.com.br\\\/wp-content\\\/uploads\\\/2026\\\/09\\\/Eugenoplis.png\",\"keywords\":[\"Amigos\",\"Anos\",\"Avi\u00f5es\",\"Av\u00f3s\",\"Caminho\",\"Companheiros\",\"C\u00f4njuges\",\"Cora\u00e7\u00e3o\",\"Deus\",\"Eugen\u00f3polis\",\"Fam\u00edlia\",\"Filhos\",\"For\u00e7a A\u00e9rea\",\"Irm\u00e3os\",\"Legado\",\"m\u00e3e\",\"Oportunidades\",\"Palavra de Deus\",\"Parteira\",\"Paz\",\"Rural\",\"Senhor\",\"Valor\",\"Vida\"],\"articleSection\":[\"Fam\u00edlia\"],\"inLanguage\":\"en-US\",\"potentialAction\":[{\"@type\":\"CommentAction\",\"name\":\"Comment\",\"target\":[\"https:\\\/\\\/ministeriocomfamilias.com.br\\\/o-valor-da-familia\\\/#respond\"]}]},{\"@type\":\"WebPage\",\"@id\":\"https:\\\/\\\/ministeriocomfamilias.com.br\\\/o-valor-da-familia\\\/\",\"url\":\"https:\\\/\\\/ministeriocomfamilias.com.br\\\/o-valor-da-familia\\\/\",\"name\":\"O VALOR DA FAM\u00cdLIA - Minist\u00e9rio com Fam\u00edlias Jesus \u00e9 Senhor\",\"isPartOf\":{\"@id\":\"https:\\\/\\\/ministeriocomfamilias.com.br\\\/#website\"},\"primaryImageOfPage\":{\"@id\":\"https:\\\/\\\/ministeriocomfamilias.com.br\\\/o-valor-da-familia\\\/#primaryimage\"},\"image\":{\"@id\":\"https:\\\/\\\/ministeriocomfamilias.com.br\\\/o-valor-da-familia\\\/#primaryimage\"},\"thumbnailUrl\":\"https:\\\/\\\/ministeriocomfamilias.com.br\\\/wp-content\\\/uploads\\\/2026\\\/09\\\/Eugenoplis.png\",\"datePublished\":\"2026-09-02T11:57:36+00:00\",\"dateModified\":\"2026-09-02T11:57:39+00:00\",\"breadcrumb\":{\"@id\":\"https:\\\/\\\/ministeriocomfamilias.com.br\\\/o-valor-da-familia\\\/#breadcrumb\"},\"inLanguage\":\"en-US\",\"potentialAction\":[{\"@type\":\"ReadAction\",\"target\":[\"https:\\\/\\\/ministeriocomfamilias.com.br\\\/o-valor-da-familia\\\/\"]}]},{\"@type\":\"ImageObject\",\"inLanguage\":\"en-US\",\"@id\":\"https:\\\/\\\/ministeriocomfamilias.com.br\\\/o-valor-da-familia\\\/#primaryimage\",\"url\":\"https:\\\/\\\/ministeriocomfamilias.com.br\\\/wp-content\\\/uploads\\\/2026\\\/09\\\/Eugenoplis.png\",\"contentUrl\":\"https:\\\/\\\/ministeriocomfamilias.com.br\\\/wp-content\\\/uploads\\\/2026\\\/09\\\/Eugenoplis.png\",\"width\":1536,\"height\":1024},{\"@type\":\"BreadcrumbList\",\"@id\":\"https:\\\/\\\/ministeriocomfamilias.com.br\\\/o-valor-da-familia\\\/#breadcrumb\",\"itemListElement\":[{\"@type\":\"ListItem\",\"position\":1,\"name\":\"In\u00edcio\",\"item\":\"https:\\\/\\\/ministeriocomfamilias.com.br\\\/\"},{\"@type\":\"ListItem\",\"position\":2,\"name\":\"O VALOR DA FAM\u00cdLIA\"}]},{\"@type\":\"WebSite\",\"@id\":\"https:\\\/\\\/ministeriocomfamilias.com.br\\\/#website\",\"url\":\"https:\\\/\\\/ministeriocomfamilias.com.br\\\/\",\"name\":\"Minist\u00e9rio com Fam\u00edlias Jesus \u00e9 Senhor\",\"description\":\"Portal da Fam\u00edlia\",\"publisher\":{\"@id\":\"https:\\\/\\\/ministeriocomfamilias.com.br\\\/#organization\"},\"potentialAction\":[{\"@type\":\"SearchAction\",\"target\":{\"@type\":\"EntryPoint\",\"urlTemplate\":\"https:\\\/\\\/ministeriocomfamilias.com.br\\\/?s={search_term_string}\"},\"query-input\":{\"@type\":\"PropertyValueSpecification\",\"valueRequired\":true,\"valueName\":\"search_term_string\"}}],\"inLanguage\":\"en-US\"},{\"@type\":\"Organization\",\"@id\":\"https:\\\/\\\/ministeriocomfamilias.com.br\\\/#organization\",\"name\":\"Minist\u00e9rio com Fam\u00edlias Jesus \u00e9 Senhor\",\"url\":\"https:\\\/\\\/ministeriocomfamilias.com.br\\\/\",\"logo\":{\"@type\":\"ImageObject\",\"inLanguage\":\"en-US\",\"@id\":\"https:\\\/\\\/ministeriocomfamilias.com.br\\\/#\\\/schema\\\/logo\\\/image\\\/\",\"url\":\"https:\\\/\\\/ministeriocomfamilias.com.br\\\/wp-content\\\/uploads\\\/2026\\\/08\\\/logomarca-400x123-1-1.png\",\"contentUrl\":\"https:\\\/\\\/ministeriocomfamilias.com.br\\\/wp-content\\\/uploads\\\/2026\\\/08\\\/logomarca-400x123-1-1.png\",\"width\":800,\"height\":246,\"caption\":\"Minist\u00e9rio com Fam\u00edlias Jesus \u00e9 Senhor\"},\"image\":{\"@id\":\"https:\\\/\\\/ministeriocomfamilias.com.br\\\/#\\\/schema\\\/logo\\\/image\\\/\"}},{\"@type\":\"Person\",\"@id\":\"https:\\\/\\\/ministeriocomfamilias.com.br\\\/#\\\/schema\\\/person\\\/cec4a3d0054d26ab912f7da686121ef7\",\"name\":\"Pr. Nelson Gouv\u00eaa\",\"image\":{\"@type\":\"ImageObject\",\"inLanguage\":\"en-US\",\"@id\":\"https:\\\/\\\/secure.gravatar.com\\\/avatar\\\/45143889b48f48bf53caa0d255034f53f0935222a05ecd6fdaa82bc6e8e3de24?s=96&d=mm&r=g\",\"url\":\"https:\\\/\\\/secure.gravatar.com\\\/avatar\\\/45143889b48f48bf53caa0d255034f53f0935222a05ecd6fdaa82bc6e8e3de24?s=96&d=mm&r=g\",\"contentUrl\":\"https:\\\/\\\/secure.gravatar.com\\\/avatar\\\/45143889b48f48bf53caa0d255034f53f0935222a05ecd6fdaa82bc6e8e3de24?s=96&d=mm&r=g\",\"caption\":\"Pr. Nelson Gouv\u00eaa\"},\"url\":\"https:\\\/\\\/ministeriocomfamilias.com.br\\\/en\\\/author\\\/nelson\\\/\"}]}<\/script>\n<!-- \/ Yoast SEO plugin. -->","yoast_head_json":{"title":"O VALOR DA FAM\u00cdLIA - Minist\u00e9rio com Fam\u00edlias Jesus \u00e9 Senhor","robots":{"index":"index","follow":"follow","max-snippet":"max-snippet:-1","max-image-preview":"max-image-preview:large","max-video-preview":"max-video-preview:-1"},"canonical":"https:\/\/ministeriocomfamilias.com.br\/en\/o-valor-da-familia\/","og_locale":"en_US","og_type":"article","og_title":"O VALOR DA FAM\u00cdLIA - Minist\u00e9rio com Fam\u00edlias Jesus \u00e9 Senhor","og_description":"\u201cTodos os nossos dias passam debaixo do teu furor; v\u00e3o-se como um murm\u00fario. Os anos de nossa vida chegam a setenta, ou a oitenta para os que t\u00eam mais vigor; entretanto, s\u00e3o anos dif\u00edceis e cheios de sofrimento, pois a vida passa depressa, e n\u00f3s voamos!\u201d Salmos 90:9-10 A fam\u00edlia tem um valor inestim\u00e1vel. No [&hellip;]","og_url":"https:\/\/ministeriocomfamilias.com.br\/en\/o-valor-da-familia\/","og_site_name":"Minist\u00e9rio com Fam\u00edlias Jesus \u00e9 Senhor","article_published_time":"2026-09-02T11:57:36+00:00","article_modified_time":"2026-09-02T11:57:39+00:00","og_image":[{"width":1024,"height":683,"url":"https:\/\/ministeriocomfamilias.com.br\/wp-content\/uploads\/2026\/09\/Eugenoplis-1024x683.png","type":"image\/png"}],"author":"Pr. Nelson Gouv\u00eaa","twitter_card":"summary_large_image","twitter_misc":{"Written by":"Pr. Nelson Gouv\u00eaa","Est. reading time":"4 minutes"},"schema":{"@context":"https:\/\/schema.org","@graph":[{"@type":"Article","@id":"https:\/\/ministeriocomfamilias.com.br\/o-valor-da-familia\/#article","isPartOf":{"@id":"https:\/\/ministeriocomfamilias.com.br\/o-valor-da-familia\/"},"author":{"name":"Pr. Nelson Gouv\u00eaa","@id":"https:\/\/ministeriocomfamilias.com.br\/#\/schema\/person\/cec4a3d0054d26ab912f7da686121ef7"},"headline":"O VALOR DA FAM\u00cdLIA","datePublished":"2026-09-02T11:57:36+00:00","dateModified":"2026-09-02T11:57:39+00:00","mainEntityOfPage":{"@id":"https:\/\/ministeriocomfamilias.com.br\/o-valor-da-familia\/"},"wordCount":605,"commentCount":0,"publisher":{"@id":"https:\/\/ministeriocomfamilias.com.br\/#organization"},"image":{"@id":"https:\/\/ministeriocomfamilias.com.br\/o-valor-da-familia\/#primaryimage"},"thumbnailUrl":"https:\/\/ministeriocomfamilias.com.br\/wp-content\/uploads\/2026\/09\/Eugenoplis.png","keywords":["Amigos","Anos","Avi\u00f5es","Av\u00f3s","Caminho","Companheiros","C\u00f4njuges","Cora\u00e7\u00e3o","Deus","Eugen\u00f3polis","Fam\u00edlia","Filhos","For\u00e7a A\u00e9rea","Irm\u00e3os","Legado","m\u00e3e","Oportunidades","Palavra de Deus","Parteira","Paz","Rural","Senhor","Valor","Vida"],"articleSection":["Fam\u00edlia"],"inLanguage":"en-US","potentialAction":[{"@type":"CommentAction","name":"Comment","target":["https:\/\/ministeriocomfamilias.com.br\/o-valor-da-familia\/#respond"]}]},{"@type":"WebPage","@id":"https:\/\/ministeriocomfamilias.com.br\/o-valor-da-familia\/","url":"https:\/\/ministeriocomfamilias.com.br\/o-valor-da-familia\/","name":"O VALOR DA FAM\u00cdLIA - Minist\u00e9rio com Fam\u00edlias Jesus \u00e9 Senhor","isPartOf":{"@id":"https:\/\/ministeriocomfamilias.com.br\/#website"},"primaryImageOfPage":{"@id":"https:\/\/ministeriocomfamilias.com.br\/o-valor-da-familia\/#primaryimage"},"image":{"@id":"https:\/\/ministeriocomfamilias.com.br\/o-valor-da-familia\/#primaryimage"},"thumbnailUrl":"https:\/\/ministeriocomfamilias.com.br\/wp-content\/uploads\/2026\/09\/Eugenoplis.png","datePublished":"2026-09-02T11:57:36+00:00","dateModified":"2026-09-02T11:57:39+00:00","breadcrumb":{"@id":"https:\/\/ministeriocomfamilias.com.br\/o-valor-da-familia\/#breadcrumb"},"inLanguage":"en-US","potentialAction":[{"@type":"ReadAction","target":["https:\/\/ministeriocomfamilias.com.br\/o-valor-da-familia\/"]}]},{"@type":"ImageObject","inLanguage":"en-US","@id":"https:\/\/ministeriocomfamilias.com.br\/o-valor-da-familia\/#primaryimage","url":"https:\/\/ministeriocomfamilias.com.br\/wp-content\/uploads\/2026\/09\/Eugenoplis.png","contentUrl":"https:\/\/ministeriocomfamilias.com.br\/wp-content\/uploads\/2026\/09\/Eugenoplis.png","width":1536,"height":1024},{"@type":"BreadcrumbList","@id":"https:\/\/ministeriocomfamilias.com.br\/o-valor-da-familia\/#breadcrumb","itemListElement":[{"@type":"ListItem","position":1,"name":"In\u00edcio","item":"https:\/\/ministeriocomfamilias.com.br\/"},{"@type":"ListItem","position":2,"name":"O VALOR DA FAM\u00cdLIA"}]},{"@type":"WebSite","@id":"https:\/\/ministeriocomfamilias.com.br\/#website","url":"https:\/\/ministeriocomfamilias.com.br\/","name":"Minist\u00e9rio com Fam\u00edlias Jesus \u00e9 Senhor","description":"Portal da Fam\u00edlia","publisher":{"@id":"https:\/\/ministeriocomfamilias.com.br\/#organization"},"potentialAction":[{"@type":"SearchAction","target":{"@type":"EntryPoint","urlTemplate":"https:\/\/ministeriocomfamilias.com.br\/?s={search_term_string}"},"query-input":{"@type":"PropertyValueSpecification","valueRequired":true,"valueName":"search_term_string"}}],"inLanguage":"en-US"},{"@type":"Organization","@id":"https:\/\/ministeriocomfamilias.com.br\/#organization","name":"Minist\u00e9rio com Fam\u00edlias Jesus \u00e9 Senhor","url":"https:\/\/ministeriocomfamilias.com.br\/","logo":{"@type":"ImageObject","inLanguage":"en-US","@id":"https:\/\/ministeriocomfamilias.com.br\/#\/schema\/logo\/image\/","url":"https:\/\/ministeriocomfamilias.com.br\/wp-content\/uploads\/2026\/08\/logomarca-400x123-1-1.png","contentUrl":"https:\/\/ministeriocomfamilias.com.br\/wp-content\/uploads\/2026\/08\/logomarca-400x123-1-1.png","width":800,"height":246,"caption":"Minist\u00e9rio com Fam\u00edlias Jesus \u00e9 Senhor"},"image":{"@id":"https:\/\/ministeriocomfamilias.com.br\/#\/schema\/logo\/image\/"}},{"@type":"Person","@id":"https:\/\/ministeriocomfamilias.com.br\/#\/schema\/person\/cec4a3d0054d26ab912f7da686121ef7","name":"Pr. Nelson Gouv\u00eaa","image":{"@type":"ImageObject","inLanguage":"en-US","@id":"https:\/\/secure.gravatar.com\/avatar\/45143889b48f48bf53caa0d255034f53f0935222a05ecd6fdaa82bc6e8e3de24?s=96&d=mm&r=g","url":"https:\/\/secure.gravatar.com\/avatar\/45143889b48f48bf53caa0d255034f53f0935222a05ecd6fdaa82bc6e8e3de24?s=96&d=mm&r=g","contentUrl":"https:\/\/secure.gravatar.com\/avatar\/45143889b48f48bf53caa0d255034f53f0935222a05ecd6fdaa82bc6e8e3de24?s=96&d=mm&r=g","caption":"Pr. Nelson Gouv\u00eaa"},"url":"https:\/\/ministeriocomfamilias.com.br\/en\/author\/nelson\/"}]}},"_links":{"self":[{"href":"https:\/\/ministeriocomfamilias.com.br\/en\/wp-json\/wp\/v2\/posts\/973","targetHints":{"allow":["GET"]}}],"collection":[{"href":"https:\/\/ministeriocomfamilias.com.br\/en\/wp-json\/wp\/v2\/posts"}],"about":[{"href":"https:\/\/ministeriocomfamilias.com.br\/en\/wp-json\/wp\/v2\/types\/post"}],"author":[{"embeddable":true,"href":"https:\/\/ministeriocomfamilias.com.br\/en\/wp-json\/wp\/v2\/users\/2"}],"replies":[{"embeddable":true,"href":"https:\/\/ministeriocomfamilias.com.br\/en\/wp-json\/wp\/v2\/comments?post=973"}],"version-history":[{"count":1,"href":"https:\/\/ministeriocomfamilias.com.br\/en\/wp-json\/wp\/v2\/posts\/973\/revisions"}],"predecessor-version":[{"id":975,"href":"https:\/\/ministeriocomfamilias.com.br\/en\/wp-json\/wp\/v2\/posts\/973\/revisions\/975"}],"wp:featuredmedia":[{"embeddable":true,"href":"https:\/\/ministeriocomfamilias.com.br\/en\/wp-json\/wp\/v2\/media\/974"}],"wp:attachment":[{"href":"https:\/\/ministeriocomfamilias.com.br\/en\/wp-json\/wp\/v2\/media?parent=973"}],"wp:term":[{"taxonomy":"category","embeddable":true,"href":"https:\/\/ministeriocomfamilias.com.br\/en\/wp-json\/wp\/v2\/categories?post=973"},{"taxonomy":"post_tag","embeddable":true,"href":"https:\/\/ministeriocomfamilias.com.br\/en\/wp-json\/wp\/v2\/tags?post=973"}],"curies":[{"name":"wp","href":"https:\/\/api.w.org\/{rel}","templated":true}]}}