{"id":976,"date":"2026-09-02T09:23:46","date_gmt":"2026-09-02T12:23:46","guid":{"rendered":"https:\/\/ministeriocomfamilias.com.br\/?p=976"},"modified":"2026-09-02T09:24:27","modified_gmt":"2026-09-02T12:24:27","slug":"intimidade-com-deus","status":"publish","type":"post","link":"https:\/\/ministeriocomfamilias.com.br\/en\/intimidade-com-deus\/","title":{"rendered":"INTIMIDADE COM DEUS"},"content":{"rendered":"<figure class=\"wp-block-embed is-type-video is-provider-youtube wp-block-embed-youtube ext-animate--on wp-embed-aspect-4-3 wp-has-aspect-ratio\"><div class=\"wp-block-embed__wrapper\">\n<iframe loading=\"lazy\" title=\"Intimidade com Deus\" width=\"500\" height=\"375\" src=\"https:\/\/www.youtube.com\/embed\/9XJx63IjOWI?feature=oembed\" frameborder=\"0\" allow=\"accelerometer; autoplay; clipboard-write; encrypted-media; gyroscope; picture-in-picture; web-share\" referrerpolicy=\"strict-origin-when-cross-origin\" allowfullscreen><\/iframe>\n<\/div><\/figure>\n\n\n\n<p class=\"ext-animate--on wp-block-paragraph\">O Salmo 86 revela o cora\u00e7\u00e3o de algu\u00e9m que deseja viver em profunda comunh\u00e3o com Deus. Davi apresenta suas necessidades, ang\u00fastias e dificuldades, mas, acima de tudo, demonstra confian\u00e7a no Senhor. Ele n\u00e3o procura apenas uma solu\u00e7\u00e3o para seus problemas; deseja conhecer mais profundamente a Deus, ouvir Sua voz e permanecer em Sua presen\u00e7a. A intimidade com Deus nasce justamente dessa disposi\u00e7\u00e3o de abrir o cora\u00e7\u00e3o diante dEle, reconhecendo Sua grandeza, miseric\u00f3rdia e fidelidade.<\/p>\n\n\n\n<p class=\"ext-animate--on wp-block-paragraph\">Ao longo do salmo, percebemos que Davi ora, pede dire\u00e7\u00e3o, clama por socorro e tamb\u00e9m adora. Ele reconhece que Deus \u00e9 bom, perdoador e abundante em miseric\u00f3rdia. No vers\u00edculo 11, encontramos uma das express\u00f5es mais profundas dessa busca: <strong>\u201cEnsina-me, Senhor, o teu caminho, e andarei na tua verdade; disp\u00f5e o meu cora\u00e7\u00e3o para temer o teu nome.\u201d<\/strong> Davi compreende que ter intimidade com Deus n\u00e3o significa apenas receber b\u00ean\u00e7\u00e3os, mas permitir que o Senhor transforme o cora\u00e7\u00e3o e conduza cada passo.<\/p>\n\n\n\n<p class=\"ext-animate--on wp-block-paragraph\">A intimidade \u00e9 constru\u00edda por meio da ora\u00e7\u00e3o, da obedi\u00eancia, da medita\u00e7\u00e3o na Palavra e de uma vida de depend\u00eancia do Senhor. Quanto mais nos aproximamos de Deus, mais aprendemos a confiar nEle, mesmo quando n\u00e3o compreendemos as circunst\u00e2ncias. <strong>Intimidade com Deus \u00e9 mais do que conhecer informa\u00e7\u00f5es sobre Ele; \u00e9 conhec\u00ea-Lo de maneira pessoal e experimentar Sua presen\u00e7a diariamente.<\/strong> \u00c9 poder dizer, como Davi, que Deus \u00e9 o nosso ref\u00fagio, aquele a quem podemos recorrer em qualquer situa\u00e7\u00e3o.<\/p>\n\n\n\n<p class=\"ext-animate--on wp-block-paragraph\">Este salmo nos convida a desacelerar, silenciar as distra\u00e7\u00f5es e buscar uma comunh\u00e3o verdadeira com o Senhor. Em um mundo t\u00e3o cheio de vozes, precisamos aprender a reconhecer a voz de Deus. <strong>Quando desenvolvemos intimidade com Ele, encontramos dire\u00e7\u00e3o para caminhar, for\u00e7a para enfrentar as lutas e paz para permanecer firmes.<\/strong><\/p>\n\n\n\n<p class=\"ext-animate--on wp-block-paragraph\">Deus lhe aben\u00e7oe em fam\u00edlia!<\/p>\n\n\n\n<p class=\"ext-animate--on wp-block-paragraph\"><\/p>\n\n\n\n<p class=\"ext-animate--on wp-block-paragraph\"><\/p>","protected":false},"excerpt":{"rendered":"<p>O Salmo 86 revela o cora\u00e7\u00e3o de algu\u00e9m que deseja viver em profunda comunh\u00e3o com Deus. Davi apresenta suas necessidades, ang\u00fastias e dificuldades, mas, acima de tudo, demonstra confian\u00e7a no Senhor. Ele n\u00e3o procura apenas uma solu\u00e7\u00e3o para seus problemas; deseja conhecer mais profundamente a Deus, ouvir Sua voz e permanecer em Sua presen\u00e7a. A [&hellip;]<\/p>\n","protected":false},"author":2,"featured_media":977,"comment_status":"open","ping_status":"open","sticky":false,"template":"","format":"standard","meta":{"footnotes":""},"categories":[142],"tags":[290,197,491,38,254,272,28,473,492,228,490,344,370,319],"class_list":["post-976","post","type-post","status-publish","format-standard","has-post-thumbnail","hentry","category-videos","tag-caminho","tag-comunhao","tag-davi","tag-deus","tag-direcao","tag-forcas","tag-intimidade","tag-misericordia","tag-pessoal","tag-problemas","tag-salmo","tag-socorro","tag-verdade","tag-voz"],"yoast_head":"<!-- This site is optimized with the Yoast SEO plugin v28.3 - https:\/\/yoast.com\/product\/yoast-seo-wordpress\/ -->\n<title>INTIMIDADE COM DEUS - Minist\u00e9rio com Fam\u00edlias Jesus \u00e9 Senhor<\/title>\n<meta name=\"robots\" content=\"index, follow, max-snippet:-1, max-image-preview:large, max-video-preview:-1\" \/>\n<link rel=\"canonical\" href=\"https:\/\/ministeriocomfamilias.com.br\/en\/intimidade-com-deus\/\" \/>\n<meta property=\"og:locale\" content=\"en_US\" \/>\n<meta property=\"og:type\" content=\"article\" \/>\n<meta property=\"og:title\" content=\"INTIMIDADE COM DEUS - Minist\u00e9rio com Fam\u00edlias Jesus \u00e9 Senhor\" \/>\n<meta property=\"og:description\" content=\"O Salmo 86 revela o cora\u00e7\u00e3o de algu\u00e9m que deseja viver em profunda comunh\u00e3o com Deus. Davi apresenta suas necessidades, ang\u00fastias e dificuldades, mas, acima de tudo, demonstra confian\u00e7a no Senhor. Ele n\u00e3o procura apenas uma solu\u00e7\u00e3o para seus problemas; deseja conhecer mais profundamente a Deus, ouvir Sua voz e permanecer em Sua presen\u00e7a. A [&hellip;]\" \/>\n<meta property=\"og:url\" content=\"https:\/\/ministeriocomfamilias.com.br\/en\/intimidade-com-deus\/\" \/>\n<meta property=\"og:site_name\" content=\"Minist\u00e9rio com Fam\u00edlias Jesus \u00e9 Senhor\" \/>\n<meta property=\"article:published_time\" content=\"2026-09-02T12:23:46+00:00\" \/>\n<meta property=\"article:modified_time\" content=\"2026-09-02T12:24:27+00:00\" \/>\n<meta property=\"og:image\" content=\"https:\/\/ministeriocomfamilias.com.br\/wp-content\/uploads\/2026\/09\/Intimidade.png\" \/>\n\t<meta property=\"og:image:width\" content=\"1402\" \/>\n\t<meta property=\"og:image:height\" content=\"1122\" \/>\n\t<meta property=\"og:image:type\" content=\"image\/png\" \/>\n<meta name=\"author\" content=\"Pr. Nelson Gouv\u00eaa\" \/>\n<meta name=\"twitter:card\" content=\"summary_large_image\" \/>\n<meta name=\"twitter:label1\" content=\"Written by\" \/>\n\t<meta name=\"twitter:data1\" content=\"Pr. Nelson Gouv\u00eaa\" \/>\n\t<meta name=\"twitter:label2\" content=\"Est. reading time\" \/>\n\t<meta name=\"twitter:data2\" content=\"1 minute\" \/>\n<script type=\"application\/ld+json\" class=\"yoast-schema-graph\">{\"@context\":\"https:\\\/\\\/schema.org\",\"@graph\":[{\"@type\":\"Article\",\"@id\":\"https:\\\/\\\/ministeriocomfamilias.com.br\\\/intimidade-com-deus\\\/#article\",\"isPartOf\":{\"@id\":\"https:\\\/\\\/ministeriocomfamilias.com.br\\\/intimidade-com-deus\\\/\"},\"author\":{\"name\":\"Pr. Nelson Gouv\u00eaa\",\"@id\":\"https:\\\/\\\/ministeriocomfamilias.com.br\\\/#\\\/schema\\\/person\\\/cec4a3d0054d26ab912f7da686121ef7\"},\"headline\":\"INTIMIDADE COM DEUS\",\"datePublished\":\"2026-09-02T12:23:46+00:00\",\"dateModified\":\"2026-09-02T12:24:27+00:00\",\"mainEntityOfPage\":{\"@id\":\"https:\\\/\\\/ministeriocomfamilias.com.br\\\/intimidade-com-deus\\\/\"},\"wordCount\":331,\"commentCount\":0,\"publisher\":{\"@id\":\"https:\\\/\\\/ministeriocomfamilias.com.br\\\/#organization\"},\"image\":{\"@id\":\"https:\\\/\\\/ministeriocomfamilias.com.br\\\/intimidade-com-deus\\\/#primaryimage\"},\"thumbnailUrl\":\"https:\\\/\\\/ministeriocomfamilias.com.br\\\/wp-content\\\/uploads\\\/2026\\\/09\\\/Intimidade.png\",\"keywords\":[\"Caminho\",\"Comunh\u00e3o\",\"Dav\u00ed\",\"Deus\",\"Dire\u00e7\u00e3o\",\"For\u00e7as\",\"Intimidade\",\"Miseric\u00f3rdia\",\"Pessoal\",\"Problemas\",\"Salmo\",\"Socorro\",\"Verdade\",\"Voz\"],\"articleSection\":[\"Videos\"],\"inLanguage\":\"en-US\",\"potentialAction\":[{\"@type\":\"CommentAction\",\"name\":\"Comment\",\"target\":[\"https:\\\/\\\/ministeriocomfamilias.com.br\\\/intimidade-com-deus\\\/#respond\"]}]},{\"@type\":\"WebPage\",\"@id\":\"https:\\\/\\\/ministeriocomfamilias.com.br\\\/intimidade-com-deus\\\/\",\"url\":\"https:\\\/\\\/ministeriocomfamilias.com.br\\\/intimidade-com-deus\\\/\",\"name\":\"INTIMIDADE COM DEUS - Minist\u00e9rio com Fam\u00edlias Jesus \u00e9 Senhor\",\"isPartOf\":{\"@id\":\"https:\\\/\\\/ministeriocomfamilias.com.br\\\/#website\"},\"primaryImageOfPage\":{\"@id\":\"https:\\\/\\\/ministeriocomfamilias.com.br\\\/intimidade-com-deus\\\/#primaryimage\"},\"image\":{\"@id\":\"https:\\\/\\\/ministeriocomfamilias.com.br\\\/intimidade-com-deus\\\/#primaryimage\"},\"thumbnailUrl\":\"https:\\\/\\\/ministeriocomfamilias.com.br\\\/wp-content\\\/uploads\\\/2026\\\/09\\\/Intimidade.png\",\"datePublished\":\"2026-09-02T12:23:46+00:00\",\"dateModified\":\"2026-09-02T12:24:27+00:00\",\"breadcrumb\":{\"@id\":\"https:\\\/\\\/ministeriocomfamilias.com.br\\\/intimidade-com-deus\\\/#breadcrumb\"},\"inLanguage\":\"en-US\",\"potentialAction\":[{\"@type\":\"ReadAction\",\"target\":[\"https:\\\/\\\/ministeriocomfamilias.com.br\\\/intimidade-com-deus\\\/\"]}]},{\"@type\":\"ImageObject\",\"inLanguage\":\"en-US\",\"@id\":\"https:\\\/\\\/ministeriocomfamilias.com.br\\\/intimidade-com-deus\\\/#primaryimage\",\"url\":\"https:\\\/\\\/ministeriocomfamilias.com.br\\\/wp-content\\\/uploads\\\/2026\\\/09\\\/Intimidade.png\",\"contentUrl\":\"https:\\\/\\\/ministeriocomfamilias.com.br\\\/wp-content\\\/uploads\\\/2026\\\/09\\\/Intimidade.png\",\"width\":1402,\"height\":1122},{\"@type\":\"BreadcrumbList\",\"@id\":\"https:\\\/\\\/ministeriocomfamilias.com.br\\\/intimidade-com-deus\\\/#breadcrumb\",\"itemListElement\":[{\"@type\":\"ListItem\",\"position\":1,\"name\":\"In\u00edcio\",\"item\":\"https:\\\/\\\/ministeriocomfamilias.com.br\\\/\"},{\"@type\":\"ListItem\",\"position\":2,\"name\":\"INTIMIDADE COM DEUS\"}]},{\"@type\":\"WebSite\",\"@id\":\"https:\\\/\\\/ministeriocomfamilias.com.br\\\/#website\",\"url\":\"https:\\\/\\\/ministeriocomfamilias.com.br\\\/\",\"name\":\"Minist\u00e9rio com Fam\u00edlias Jesus \u00e9 Senhor\",\"description\":\"Portal da Fam\u00edlia\",\"publisher\":{\"@id\":\"https:\\\/\\\/ministeriocomfamilias.com.br\\\/#organization\"},\"potentialAction\":[{\"@type\":\"SearchAction\",\"target\":{\"@type\":\"EntryPoint\",\"urlTemplate\":\"https:\\\/\\\/ministeriocomfamilias.com.br\\\/?s={search_term_string}\"},\"query-input\":{\"@type\":\"PropertyValueSpecification\",\"valueRequired\":true,\"valueName\":\"search_term_string\"}}],\"inLanguage\":\"en-US\"},{\"@type\":\"Organization\",\"@id\":\"https:\\\/\\\/ministeriocomfamilias.com.br\\\/#organization\",\"name\":\"Minist\u00e9rio com Fam\u00edlias Jesus \u00e9 Senhor\",\"url\":\"https:\\\/\\\/ministeriocomfamilias.com.br\\\/\",\"logo\":{\"@type\":\"ImageObject\",\"inLanguage\":\"en-US\",\"@id\":\"https:\\\/\\\/ministeriocomfamilias.com.br\\\/#\\\/schema\\\/logo\\\/image\\\/\",\"url\":\"https:\\\/\\\/ministeriocomfamilias.com.br\\\/wp-content\\\/uploads\\\/2026\\\/08\\\/logomarca-400x123-1-1.png\",\"contentUrl\":\"https:\\\/\\\/ministeriocomfamilias.com.br\\\/wp-content\\\/uploads\\\/2026\\\/08\\\/logomarca-400x123-1-1.png\",\"width\":800,\"height\":246,\"caption\":\"Minist\u00e9rio com Fam\u00edlias Jesus \u00e9 Senhor\"},\"image\":{\"@id\":\"https:\\\/\\\/ministeriocomfamilias.com.br\\\/#\\\/schema\\\/logo\\\/image\\\/\"}},{\"@type\":\"Person\",\"@id\":\"https:\\\/\\\/ministeriocomfamilias.com.br\\\/#\\\/schema\\\/person\\\/cec4a3d0054d26ab912f7da686121ef7\",\"name\":\"Pr. Nelson Gouv\u00eaa\",\"image\":{\"@type\":\"ImageObject\",\"inLanguage\":\"en-US\",\"@id\":\"https:\\\/\\\/secure.gravatar.com\\\/avatar\\\/45143889b48f48bf53caa0d255034f53f0935222a05ecd6fdaa82bc6e8e3de24?s=96&d=mm&r=g\",\"url\":\"https:\\\/\\\/secure.gravatar.com\\\/avatar\\\/45143889b48f48bf53caa0d255034f53f0935222a05ecd6fdaa82bc6e8e3de24?s=96&d=mm&r=g\",\"contentUrl\":\"https:\\\/\\\/secure.gravatar.com\\\/avatar\\\/45143889b48f48bf53caa0d255034f53f0935222a05ecd6fdaa82bc6e8e3de24?s=96&d=mm&r=g\",\"caption\":\"Pr. Nelson Gouv\u00eaa\"},\"url\":\"https:\\\/\\\/ministeriocomfamilias.com.br\\\/en\\\/author\\\/nelson\\\/\"}]}<\/script>\n<!-- \/ Yoast SEO plugin. -->","yoast_head_json":{"title":"INTIMIDADE COM DEUS - Minist\u00e9rio com Fam\u00edlias Jesus \u00e9 Senhor","robots":{"index":"index","follow":"follow","max-snippet":"max-snippet:-1","max-image-preview":"max-image-preview:large","max-video-preview":"max-video-preview:-1"},"canonical":"https:\/\/ministeriocomfamilias.com.br\/en\/intimidade-com-deus\/","og_locale":"en_US","og_type":"article","og_title":"INTIMIDADE COM DEUS - Minist\u00e9rio com Fam\u00edlias Jesus \u00e9 Senhor","og_description":"O Salmo 86 revela o cora\u00e7\u00e3o de algu\u00e9m que deseja viver em profunda comunh\u00e3o com Deus. Davi apresenta suas necessidades, ang\u00fastias e dificuldades, mas, acima de tudo, demonstra confian\u00e7a no Senhor. Ele n\u00e3o procura apenas uma solu\u00e7\u00e3o para seus problemas; deseja conhecer mais profundamente a Deus, ouvir Sua voz e permanecer em Sua presen\u00e7a. A [&hellip;]","og_url":"https:\/\/ministeriocomfamilias.com.br\/en\/intimidade-com-deus\/","og_site_name":"Minist\u00e9rio com Fam\u00edlias Jesus \u00e9 Senhor","article_published_time":"2026-09-02T12:23:46+00:00","article_modified_time":"2026-09-02T12:24:27+00:00","og_image":[{"width":1402,"height":1122,"url":"https:\/\/ministeriocomfamilias.com.br\/wp-content\/uploads\/2026\/09\/Intimidade.png","type":"image\/png"}],"author":"Pr. Nelson Gouv\u00eaa","twitter_card":"summary_large_image","twitter_misc":{"Written by":"Pr. Nelson Gouv\u00eaa","Est. reading time":"1 minute"},"schema":{"@context":"https:\/\/schema.org","@graph":[{"@type":"Article","@id":"https:\/\/ministeriocomfamilias.com.br\/intimidade-com-deus\/#article","isPartOf":{"@id":"https:\/\/ministeriocomfamilias.com.br\/intimidade-com-deus\/"},"author":{"name":"Pr. Nelson Gouv\u00eaa","@id":"https:\/\/ministeriocomfamilias.com.br\/#\/schema\/person\/cec4a3d0054d26ab912f7da686121ef7"},"headline":"INTIMIDADE COM DEUS","datePublished":"2026-09-02T12:23:46+00:00","dateModified":"2026-09-02T12:24:27+00:00","mainEntityOfPage":{"@id":"https:\/\/ministeriocomfamilias.com.br\/intimidade-com-deus\/"},"wordCount":331,"commentCount":0,"publisher":{"@id":"https:\/\/ministeriocomfamilias.com.br\/#organization"},"image":{"@id":"https:\/\/ministeriocomfamilias.com.br\/intimidade-com-deus\/#primaryimage"},"thumbnailUrl":"https:\/\/ministeriocomfamilias.com.br\/wp-content\/uploads\/2026\/09\/Intimidade.png","keywords":["Caminho","Comunh\u00e3o","Dav\u00ed","Deus","Dire\u00e7\u00e3o","For\u00e7as","Intimidade","Miseric\u00f3rdia","Pessoal","Problemas","Salmo","Socorro","Verdade","Voz"],"articleSection":["Videos"],"inLanguage":"en-US","potentialAction":[{"@type":"CommentAction","name":"Comment","target":["https:\/\/ministeriocomfamilias.com.br\/intimidade-com-deus\/#respond"]}]},{"@type":"WebPage","@id":"https:\/\/ministeriocomfamilias.com.br\/intimidade-com-deus\/","url":"https:\/\/ministeriocomfamilias.com.br\/intimidade-com-deus\/","name":"INTIMIDADE COM DEUS - Minist\u00e9rio com Fam\u00edlias Jesus \u00e9 Senhor","isPartOf":{"@id":"https:\/\/ministeriocomfamilias.com.br\/#website"},"primaryImageOfPage":{"@id":"https:\/\/ministeriocomfamilias.com.br\/intimidade-com-deus\/#primaryimage"},"image":{"@id":"https:\/\/ministeriocomfamilias.com.br\/intimidade-com-deus\/#primaryimage"},"thumbnailUrl":"https:\/\/ministeriocomfamilias.com.br\/wp-content\/uploads\/2026\/09\/Intimidade.png","datePublished":"2026-09-02T12:23:46+00:00","dateModified":"2026-09-02T12:24:27+00:00","breadcrumb":{"@id":"https:\/\/ministeriocomfamilias.com.br\/intimidade-com-deus\/#breadcrumb"},"inLanguage":"en-US","potentialAction":[{"@type":"ReadAction","target":["https:\/\/ministeriocomfamilias.com.br\/intimidade-com-deus\/"]}]},{"@type":"ImageObject","inLanguage":"en-US","@id":"https:\/\/ministeriocomfamilias.com.br\/intimidade-com-deus\/#primaryimage","url":"https:\/\/ministeriocomfamilias.com.br\/wp-content\/uploads\/2026\/09\/Intimidade.png","contentUrl":"https:\/\/ministeriocomfamilias.com.br\/wp-content\/uploads\/2026\/09\/Intimidade.png","width":1402,"height":1122},{"@type":"BreadcrumbList","@id":"https:\/\/ministeriocomfamilias.com.br\/intimidade-com-deus\/#breadcrumb","itemListElement":[{"@type":"ListItem","position":1,"name":"In\u00edcio","item":"https:\/\/ministeriocomfamilias.com.br\/"},{"@type":"ListItem","position":2,"name":"INTIMIDADE COM DEUS"}]},{"@type":"WebSite","@id":"https:\/\/ministeriocomfamilias.com.br\/#website","url":"https:\/\/ministeriocomfamilias.com.br\/","name":"Minist\u00e9rio com Fam\u00edlias Jesus \u00e9 Senhor","description":"Portal da Fam\u00edlia","publisher":{"@id":"https:\/\/ministeriocomfamilias.com.br\/#organization"},"potentialAction":[{"@type":"SearchAction","target":{"@type":"EntryPoint","urlTemplate":"https:\/\/ministeriocomfamilias.com.br\/?s={search_term_string}"},"query-input":{"@type":"PropertyValueSpecification","valueRequired":true,"valueName":"search_term_string"}}],"inLanguage":"en-US"},{"@type":"Organization","@id":"https:\/\/ministeriocomfamilias.com.br\/#organization","name":"Minist\u00e9rio com Fam\u00edlias Jesus \u00e9 Senhor","url":"https:\/\/ministeriocomfamilias.com.br\/","logo":{"@type":"ImageObject","inLanguage":"en-US","@id":"https:\/\/ministeriocomfamilias.com.br\/#\/schema\/logo\/image\/","url":"https:\/\/ministeriocomfamilias.com.br\/wp-content\/uploads\/2026\/08\/logomarca-400x123-1-1.png","contentUrl":"https:\/\/ministeriocomfamilias.com.br\/wp-content\/uploads\/2026\/08\/logomarca-400x123-1-1.png","width":800,"height":246,"caption":"Minist\u00e9rio com Fam\u00edlias Jesus \u00e9 Senhor"},"image":{"@id":"https:\/\/ministeriocomfamilias.com.br\/#\/schema\/logo\/image\/"}},{"@type":"Person","@id":"https:\/\/ministeriocomfamilias.com.br\/#\/schema\/person\/cec4a3d0054d26ab912f7da686121ef7","name":"Pr. Nelson Gouv\u00eaa","image":{"@type":"ImageObject","inLanguage":"en-US","@id":"https:\/\/secure.gravatar.com\/avatar\/45143889b48f48bf53caa0d255034f53f0935222a05ecd6fdaa82bc6e8e3de24?s=96&d=mm&r=g","url":"https:\/\/secure.gravatar.com\/avatar\/45143889b48f48bf53caa0d255034f53f0935222a05ecd6fdaa82bc6e8e3de24?s=96&d=mm&r=g","contentUrl":"https:\/\/secure.gravatar.com\/avatar\/45143889b48f48bf53caa0d255034f53f0935222a05ecd6fdaa82bc6e8e3de24?s=96&d=mm&r=g","caption":"Pr. Nelson Gouv\u00eaa"},"url":"https:\/\/ministeriocomfamilias.com.br\/en\/author\/nelson\/"}]}},"_links":{"self":[{"href":"https:\/\/ministeriocomfamilias.com.br\/en\/wp-json\/wp\/v2\/posts\/976","targetHints":{"allow":["GET"]}}],"collection":[{"href":"https:\/\/ministeriocomfamilias.com.br\/en\/wp-json\/wp\/v2\/posts"}],"about":[{"href":"https:\/\/ministeriocomfamilias.com.br\/en\/wp-json\/wp\/v2\/types\/post"}],"author":[{"embeddable":true,"href":"https:\/\/ministeriocomfamilias.com.br\/en\/wp-json\/wp\/v2\/users\/2"}],"replies":[{"embeddable":true,"href":"https:\/\/ministeriocomfamilias.com.br\/en\/wp-json\/wp\/v2\/comments?post=976"}],"version-history":[{"count":1,"href":"https:\/\/ministeriocomfamilias.com.br\/en\/wp-json\/wp\/v2\/posts\/976\/revisions"}],"predecessor-version":[{"id":978,"href":"https:\/\/ministeriocomfamilias.com.br\/en\/wp-json\/wp\/v2\/posts\/976\/revisions\/978"}],"wp:featuredmedia":[{"embeddable":true,"href":"https:\/\/ministeriocomfamilias.com.br\/en\/wp-json\/wp\/v2\/media\/977"}],"wp:attachment":[{"href":"https:\/\/ministeriocomfamilias.com.br\/en\/wp-json\/wp\/v2\/media?parent=976"}],"wp:term":[{"taxonomy":"category","embeddable":true,"href":"https:\/\/ministeriocomfamilias.com.br\/en\/wp-json\/wp\/v2\/categories?post=976"},{"taxonomy":"post_tag","embeddable":true,"href":"https:\/\/ministeriocomfamilias.com.br\/en\/wp-json\/wp\/v2\/tags?post=976"}],"curies":[{"name":"wp","href":"https:\/\/api.w.org\/{rel}","templated":true}]}}