{"id":979,"date":"2026-09-03T10:54:56","date_gmt":"2026-09-03T13:54:56","guid":{"rendered":"https:\/\/ministeriocomfamilias.com.br\/?p=979"},"modified":"2026-09-03T11:02:25","modified_gmt":"2026-09-03T14:02:25","slug":"o-andarilho","status":"publish","type":"post","link":"https:\/\/ministeriocomfamilias.com.br\/en\/o-andarilho\/","title":{"rendered":"O ANDARILHO"},"content":{"rendered":"<p class=\"ext-animate--on wp-block-paragraph\">Certa vez, um andarilho caminhava \u00e0 margem de uma estrada de terra, carregando um pesado saco \u00e0s costas. Depois de algum tempo, cansado pelo peso que carregava e pela longa caminhada, foi surpreendido por um homem que dirigia uma caminhonete. O motorista parou e, percebendo o cansa\u00e7o daquele homem, ofereceu-lhe uma carona na carroceria. O andarilho agradeceu, subiu na caminhonete e o motorista continuou sua viagem. Alguns quil\u00f4metros depois, o motorista olhou pelo retrovisor e teve uma grande surpresa: <strong>o homem continuava em p\u00e9, carregando o pesado saco \u00e0s costas!<\/strong><\/p>\n\n\n\n<p class=\"ext-animate--on wp-block-paragraph\">Ele ent\u00e3o perguntou: &#8211; Amigo, porque voc\u00ea n\u00e3o coloca o saco no ch\u00e3o?\u00a0                                         O andarilho respondeu:\u00a0&#8211; J\u00e1 que o senhor est\u00e1 me dando uma carona, n\u00e3o quero abusar da sua bondade. Assim, continuo carregando o meu pr\u00f3prio peso. Obrigado.<\/p>\n\n\n\n<p class=\"ext-animate--on wp-block-paragraph\">Parece uma hist\u00f3ria estranha, n\u00e3o \u00e9? Mas quantas vezes fazemos exatamente a mesma coisa em nossa caminhada com Deus? Talvez, espiritualmente falando, voc\u00ea esteja como aquele andarilho: <strong>cansado, sobrecarregado e carregando sozinho um fardo que n\u00e3o precisa mais carregar.<\/strong> As preocupa\u00e7\u00f5es com a fam\u00edlia, dificuldades financeiras, problemas de relacionamento, frustra\u00e7\u00f5es, culpas, medos, decep\u00e7\u00f5es ou situa\u00e7\u00f5es que voc\u00ea n\u00e3o consegue resolver. O peso pode ser t\u00e3o grande que suas emo\u00e7\u00f5es ficam abaladas e sua esperan\u00e7a come\u00e7a a desaparecer.<\/p>\n\n\n\n<p class=\"ext-animate--on wp-block-paragraph\">Mas hoje quero lembrar voc\u00ea de uma verdade maravilhosa: <strong>Jesus n\u00e3o apenas oferece uma carona; Ele oferece descanso para a sua alma.<\/strong> Jesus disse: <strong>\u201cVenham a mim, todos voc\u00eas que est\u00e3o cansados e sobrecarregados, e eu lhes darei descanso. Tomem sobre voc\u00eas o meu jugo e aprendam de mim, porque sou manso e humilde de cora\u00e7\u00e3o; e voc\u00eas encontrar\u00e3o descanso para as suas almas. Pois o meu jugo \u00e9 suave e o meu fardo \u00e9 leve.\u201d (Mateus 11:28-30)<\/strong><\/p>\n\n\n\n<p class=\"ext-animate--on wp-block-paragraph\">Que convite extraordin\u00e1rio! Jesus est\u00e1 dizendo: <strong>\u201cEntregue a mim aquilo que voc\u00ea n\u00e3o consegue carregar sozinho.\u201d<\/strong> A Palavra de Deus tamb\u00e9m nos orienta: <strong>\u201cLancem sobre ele toda a sua ansiedade, porque ele tem cuidado de voc\u00eas.\u201d (I Pedro 5:7)<\/strong> Perceba: Deus n\u00e3o est\u00e1 indiferente \u00e0s suas lutas. Ele conhece suas l\u00e1grimas, seus pensamentos, suas preocupa\u00e7\u00f5es e tudo aquilo que voc\u00ea tem enfrentado em sil\u00eancio.<\/p>\n\n\n\n<p class=\"ext-animate--on wp-block-paragraph\">O salmista tamb\u00e9m declara: <strong>\u201cEntregue suas preocupa\u00e7\u00f5es ao Senhor, e ele o suster\u00e1; jamais permitir\u00e1 que o justo venha a cair.\u201d (Salmos 55:22)<\/strong><\/p>\n\n\n\n<p class=\"ext-animate--on wp-block-paragraph\">Portanto, <strong>pare de carregar sozinho aquilo que voc\u00ea pode entregar ao Senhor.<\/strong> Coloque aos p\u00e9s de Cristo seus medos, sua ansiedade, suas preocupa\u00e7\u00f5es e tudo aquilo que tem roubado a sua paz. Assim como aquele andarilho poderia ter colocado seu saco no ch\u00e3o, voc\u00ea tamb\u00e9m pode deixar seus fardos nas m\u00e3os de Deus. Continue caminhando, mas n\u00e3o caminhe sozinho. <strong>Confie no Senhor, descanse em Sua presen\u00e7a e permita que Ele cuide daquilo que est\u00e1 al\u00e9m das suas for\u00e7as.<\/strong><\/p>\n\n\n\n<p class=\"ext-animate--on wp-block-paragraph\">Lembre-se: <strong>voc\u00ea \u00e9 uma pessoa especial para Deus, e Ele cuida de voc\u00ea.<\/strong><\/p>\n\n\n\n<p class=\"ext-animate--on wp-block-paragraph\"><strong>Deus lhe aben\u00e7oe em fam\u00edlia!<\/strong><\/p>\n\n\n\n<p class=\"ext-animate--on wp-block-paragraph\"><\/p>\n\n\n\n<p class=\"ext-animate--on wp-block-paragraph\"><\/p>","protected":false},"excerpt":{"rendered":"<p>Certa vez, um andarilho caminhava \u00e0 margem de uma estrada de terra, carregando um pesado saco \u00e0s costas. Depois de algum tempo, cansado pelo peso que carregava e pela longa caminhada, foi surpreendido por um homem que dirigia uma caminhonete. O motorista parou e, percebendo o cansa\u00e7o daquele homem, ofereceu-lhe uma carona na carroceria. O [&hellip;]<\/p>\n","protected":false},"author":2,"featured_media":980,"comment_status":"open","ping_status":"open","sticky":false,"template":"","format":"standard","meta":{"footnotes":""},"categories":[13],"tags":[338,493,61,497,502,496,38,494,501,272,306,500,504,498,228,499,495,503],"class_list":["post-979","post","type-post","status-publish","format-standard","has-post-thumbnail","hentry","category-vida-crista","tag-alma","tag-andarilho","tag-ansiedade","tag-caminhonete","tag-carona","tag-costas","tag-deus","tag-estrada","tag-fardo","tag-forcas","tag-historia","tag-homem","tag-jugo","tag-motorista","tag-problemas","tag-retrovisor","tag-saco","tag-sobrecarregados"],"yoast_head":"<!-- This site is optimized with the Yoast SEO plugin v28.3 - https:\/\/yoast.com\/product\/yoast-seo-wordpress\/ -->\n<title>O ANDARILHO - Minist\u00e9rio com Fam\u00edlias Jesus \u00e9 Senhor<\/title>\n<meta name=\"robots\" content=\"index, follow, max-snippet:-1, max-image-preview:large, max-video-preview:-1\" \/>\n<link rel=\"canonical\" href=\"https:\/\/ministeriocomfamilias.com.br\/en\/o-andarilho\/\" \/>\n<meta property=\"og:locale\" content=\"en_US\" \/>\n<meta property=\"og:type\" content=\"article\" \/>\n<meta property=\"og:title\" content=\"O ANDARILHO - Minist\u00e9rio com Fam\u00edlias Jesus \u00e9 Senhor\" \/>\n<meta property=\"og:description\" content=\"Certa vez, um andarilho caminhava \u00e0 margem de uma estrada de terra, carregando um pesado saco \u00e0s costas. Depois de algum tempo, cansado pelo peso que carregava e pela longa caminhada, foi surpreendido por um homem que dirigia uma caminhonete. O motorista parou e, percebendo o cansa\u00e7o daquele homem, ofereceu-lhe uma carona na carroceria. O [&hellip;]\" \/>\n<meta property=\"og:url\" content=\"https:\/\/ministeriocomfamilias.com.br\/en\/o-andarilho\/\" \/>\n<meta property=\"og:site_name\" content=\"Minist\u00e9rio com Fam\u00edlias Jesus \u00e9 Senhor\" \/>\n<meta property=\"article:published_time\" content=\"2026-09-03T13:54:56+00:00\" \/>\n<meta property=\"article:modified_time\" content=\"2026-09-03T14:02:25+00:00\" \/>\n<meta property=\"og:image\" content=\"https:\/\/ministeriocomfamilias.com.br\/wp-content\/uploads\/2026\/09\/Homen-com-saco-nas-costas-1024x683.png\" \/>\n\t<meta property=\"og:image:width\" content=\"1024\" \/>\n\t<meta property=\"og:image:height\" content=\"683\" \/>\n\t<meta property=\"og:image:type\" content=\"image\/png\" \/>\n<meta name=\"author\" content=\"Pr. Nelson Gouv\u00eaa\" \/>\n<meta name=\"twitter:card\" content=\"summary_large_image\" \/>\n<meta name=\"twitter:label1\" content=\"Written by\" \/>\n\t<meta name=\"twitter:data1\" content=\"Pr. Nelson Gouv\u00eaa\" \/>\n\t<meta name=\"twitter:label2\" content=\"Est. reading time\" \/>\n\t<meta name=\"twitter:data2\" content=\"3 minutes\" \/>\n<script type=\"application\/ld+json\" class=\"yoast-schema-graph\">{\"@context\":\"https:\\\/\\\/schema.org\",\"@graph\":[{\"@type\":\"Article\",\"@id\":\"https:\\\/\\\/ministeriocomfamilias.com.br\\\/o-andarilho\\\/#article\",\"isPartOf\":{\"@id\":\"https:\\\/\\\/ministeriocomfamilias.com.br\\\/o-andarilho\\\/\"},\"author\":{\"name\":\"Pr. Nelson Gouv\u00eaa\",\"@id\":\"https:\\\/\\\/ministeriocomfamilias.com.br\\\/#\\\/schema\\\/person\\\/cec4a3d0054d26ab912f7da686121ef7\"},\"headline\":\"O ANDARILHO\",\"datePublished\":\"2026-09-03T13:54:56+00:00\",\"dateModified\":\"2026-09-03T14:02:25+00:00\",\"mainEntityOfPage\":{\"@id\":\"https:\\\/\\\/ministeriocomfamilias.com.br\\\/o-andarilho\\\/\"},\"wordCount\":511,\"commentCount\":0,\"publisher\":{\"@id\":\"https:\\\/\\\/ministeriocomfamilias.com.br\\\/#organization\"},\"image\":{\"@id\":\"https:\\\/\\\/ministeriocomfamilias.com.br\\\/o-andarilho\\\/#primaryimage\"},\"thumbnailUrl\":\"https:\\\/\\\/ministeriocomfamilias.com.br\\\/wp-content\\\/uploads\\\/2026\\\/09\\\/Homen-com-saco-nas-costas.png\",\"keywords\":[\"Alma\",\"Andarilho\",\"Ansiedade\",\"Caminhonete\",\"Carona\",\"Costas\",\"Deus\",\"Estrada\",\"Fardo\",\"For\u00e7as\",\"Hist\u00f3ria\",\"Homem\",\"Jugo\",\"Motorista\",\"Problemas\",\"Retrovisor\",\"Saco\",\"sobrecarregados\"],\"articleSection\":[\"Vida Crist\u00e3\"],\"inLanguage\":\"en-US\",\"potentialAction\":[{\"@type\":\"CommentAction\",\"name\":\"Comment\",\"target\":[\"https:\\\/\\\/ministeriocomfamilias.com.br\\\/o-andarilho\\\/#respond\"]}]},{\"@type\":\"WebPage\",\"@id\":\"https:\\\/\\\/ministeriocomfamilias.com.br\\\/o-andarilho\\\/\",\"url\":\"https:\\\/\\\/ministeriocomfamilias.com.br\\\/o-andarilho\\\/\",\"name\":\"O ANDARILHO - Minist\u00e9rio com Fam\u00edlias Jesus \u00e9 Senhor\",\"isPartOf\":{\"@id\":\"https:\\\/\\\/ministeriocomfamilias.com.br\\\/#website\"},\"primaryImageOfPage\":{\"@id\":\"https:\\\/\\\/ministeriocomfamilias.com.br\\\/o-andarilho\\\/#primaryimage\"},\"image\":{\"@id\":\"https:\\\/\\\/ministeriocomfamilias.com.br\\\/o-andarilho\\\/#primaryimage\"},\"thumbnailUrl\":\"https:\\\/\\\/ministeriocomfamilias.com.br\\\/wp-content\\\/uploads\\\/2026\\\/09\\\/Homen-com-saco-nas-costas.png\",\"datePublished\":\"2026-09-03T13:54:56+00:00\",\"dateModified\":\"2026-09-03T14:02:25+00:00\",\"breadcrumb\":{\"@id\":\"https:\\\/\\\/ministeriocomfamilias.com.br\\\/o-andarilho\\\/#breadcrumb\"},\"inLanguage\":\"en-US\",\"potentialAction\":[{\"@type\":\"ReadAction\",\"target\":[\"https:\\\/\\\/ministeriocomfamilias.com.br\\\/o-andarilho\\\/\"]}]},{\"@type\":\"ImageObject\",\"inLanguage\":\"en-US\",\"@id\":\"https:\\\/\\\/ministeriocomfamilias.com.br\\\/o-andarilho\\\/#primaryimage\",\"url\":\"https:\\\/\\\/ministeriocomfamilias.com.br\\\/wp-content\\\/uploads\\\/2026\\\/09\\\/Homen-com-saco-nas-costas.png\",\"contentUrl\":\"https:\\\/\\\/ministeriocomfamilias.com.br\\\/wp-content\\\/uploads\\\/2026\\\/09\\\/Homen-com-saco-nas-costas.png\",\"width\":1536,\"height\":1024},{\"@type\":\"BreadcrumbList\",\"@id\":\"https:\\\/\\\/ministeriocomfamilias.com.br\\\/o-andarilho\\\/#breadcrumb\",\"itemListElement\":[{\"@type\":\"ListItem\",\"position\":1,\"name\":\"In\u00edcio\",\"item\":\"https:\\\/\\\/ministeriocomfamilias.com.br\\\/\"},{\"@type\":\"ListItem\",\"position\":2,\"name\":\"O ANDARILHO\"}]},{\"@type\":\"WebSite\",\"@id\":\"https:\\\/\\\/ministeriocomfamilias.com.br\\\/#website\",\"url\":\"https:\\\/\\\/ministeriocomfamilias.com.br\\\/\",\"name\":\"Minist\u00e9rio com Fam\u00edlias Jesus \u00e9 Senhor\",\"description\":\"Portal da Fam\u00edlia\",\"publisher\":{\"@id\":\"https:\\\/\\\/ministeriocomfamilias.com.br\\\/#organization\"},\"potentialAction\":[{\"@type\":\"SearchAction\",\"target\":{\"@type\":\"EntryPoint\",\"urlTemplate\":\"https:\\\/\\\/ministeriocomfamilias.com.br\\\/?s={search_term_string}\"},\"query-input\":{\"@type\":\"PropertyValueSpecification\",\"valueRequired\":true,\"valueName\":\"search_term_string\"}}],\"inLanguage\":\"en-US\"},{\"@type\":\"Organization\",\"@id\":\"https:\\\/\\\/ministeriocomfamilias.com.br\\\/#organization\",\"name\":\"Minist\u00e9rio com Fam\u00edlias Jesus \u00e9 Senhor\",\"url\":\"https:\\\/\\\/ministeriocomfamilias.com.br\\\/\",\"logo\":{\"@type\":\"ImageObject\",\"inLanguage\":\"en-US\",\"@id\":\"https:\\\/\\\/ministeriocomfamilias.com.br\\\/#\\\/schema\\\/logo\\\/image\\\/\",\"url\":\"https:\\\/\\\/ministeriocomfamilias.com.br\\\/wp-content\\\/uploads\\\/2026\\\/08\\\/logomarca-400x123-1-1.png\",\"contentUrl\":\"https:\\\/\\\/ministeriocomfamilias.com.br\\\/wp-content\\\/uploads\\\/2026\\\/08\\\/logomarca-400x123-1-1.png\",\"width\":800,\"height\":246,\"caption\":\"Minist\u00e9rio com Fam\u00edlias Jesus \u00e9 Senhor\"},\"image\":{\"@id\":\"https:\\\/\\\/ministeriocomfamilias.com.br\\\/#\\\/schema\\\/logo\\\/image\\\/\"}},{\"@type\":\"Person\",\"@id\":\"https:\\\/\\\/ministeriocomfamilias.com.br\\\/#\\\/schema\\\/person\\\/cec4a3d0054d26ab912f7da686121ef7\",\"name\":\"Pr. Nelson Gouv\u00eaa\",\"image\":{\"@type\":\"ImageObject\",\"inLanguage\":\"en-US\",\"@id\":\"https:\\\/\\\/secure.gravatar.com\\\/avatar\\\/45143889b48f48bf53caa0d255034f53f0935222a05ecd6fdaa82bc6e8e3de24?s=96&d=mm&r=g\",\"url\":\"https:\\\/\\\/secure.gravatar.com\\\/avatar\\\/45143889b48f48bf53caa0d255034f53f0935222a05ecd6fdaa82bc6e8e3de24?s=96&d=mm&r=g\",\"contentUrl\":\"https:\\\/\\\/secure.gravatar.com\\\/avatar\\\/45143889b48f48bf53caa0d255034f53f0935222a05ecd6fdaa82bc6e8e3de24?s=96&d=mm&r=g\",\"caption\":\"Pr. Nelson Gouv\u00eaa\"},\"url\":\"https:\\\/\\\/ministeriocomfamilias.com.br\\\/en\\\/author\\\/nelson\\\/\"}]}<\/script>\n<!-- \/ Yoast SEO plugin. -->","yoast_head_json":{"title":"O ANDARILHO - Minist\u00e9rio com Fam\u00edlias Jesus \u00e9 Senhor","robots":{"index":"index","follow":"follow","max-snippet":"max-snippet:-1","max-image-preview":"max-image-preview:large","max-video-preview":"max-video-preview:-1"},"canonical":"https:\/\/ministeriocomfamilias.com.br\/en\/o-andarilho\/","og_locale":"en_US","og_type":"article","og_title":"O ANDARILHO - Minist\u00e9rio com Fam\u00edlias Jesus \u00e9 Senhor","og_description":"Certa vez, um andarilho caminhava \u00e0 margem de uma estrada de terra, carregando um pesado saco \u00e0s costas. Depois de algum tempo, cansado pelo peso que carregava e pela longa caminhada, foi surpreendido por um homem que dirigia uma caminhonete. O motorista parou e, percebendo o cansa\u00e7o daquele homem, ofereceu-lhe uma carona na carroceria. O [&hellip;]","og_url":"https:\/\/ministeriocomfamilias.com.br\/en\/o-andarilho\/","og_site_name":"Minist\u00e9rio com Fam\u00edlias Jesus \u00e9 Senhor","article_published_time":"2026-09-03T13:54:56+00:00","article_modified_time":"2026-09-03T14:02:25+00:00","og_image":[{"width":1024,"height":683,"url":"https:\/\/ministeriocomfamilias.com.br\/wp-content\/uploads\/2026\/09\/Homen-com-saco-nas-costas-1024x683.png","type":"image\/png"}],"author":"Pr. Nelson Gouv\u00eaa","twitter_card":"summary_large_image","twitter_misc":{"Written by":"Pr. Nelson Gouv\u00eaa","Est. reading time":"3 minutes"},"schema":{"@context":"https:\/\/schema.org","@graph":[{"@type":"Article","@id":"https:\/\/ministeriocomfamilias.com.br\/o-andarilho\/#article","isPartOf":{"@id":"https:\/\/ministeriocomfamilias.com.br\/o-andarilho\/"},"author":{"name":"Pr. Nelson Gouv\u00eaa","@id":"https:\/\/ministeriocomfamilias.com.br\/#\/schema\/person\/cec4a3d0054d26ab912f7da686121ef7"},"headline":"O ANDARILHO","datePublished":"2026-09-03T13:54:56+00:00","dateModified":"2026-09-03T14:02:25+00:00","mainEntityOfPage":{"@id":"https:\/\/ministeriocomfamilias.com.br\/o-andarilho\/"},"wordCount":511,"commentCount":0,"publisher":{"@id":"https:\/\/ministeriocomfamilias.com.br\/#organization"},"image":{"@id":"https:\/\/ministeriocomfamilias.com.br\/o-andarilho\/#primaryimage"},"thumbnailUrl":"https:\/\/ministeriocomfamilias.com.br\/wp-content\/uploads\/2026\/09\/Homen-com-saco-nas-costas.png","keywords":["Alma","Andarilho","Ansiedade","Caminhonete","Carona","Costas","Deus","Estrada","Fardo","For\u00e7as","Hist\u00f3ria","Homem","Jugo","Motorista","Problemas","Retrovisor","Saco","sobrecarregados"],"articleSection":["Vida Crist\u00e3"],"inLanguage":"en-US","potentialAction":[{"@type":"CommentAction","name":"Comment","target":["https:\/\/ministeriocomfamilias.com.br\/o-andarilho\/#respond"]}]},{"@type":"WebPage","@id":"https:\/\/ministeriocomfamilias.com.br\/o-andarilho\/","url":"https:\/\/ministeriocomfamilias.com.br\/o-andarilho\/","name":"O ANDARILHO - Minist\u00e9rio com Fam\u00edlias Jesus \u00e9 Senhor","isPartOf":{"@id":"https:\/\/ministeriocomfamilias.com.br\/#website"},"primaryImageOfPage":{"@id":"https:\/\/ministeriocomfamilias.com.br\/o-andarilho\/#primaryimage"},"image":{"@id":"https:\/\/ministeriocomfamilias.com.br\/o-andarilho\/#primaryimage"},"thumbnailUrl":"https:\/\/ministeriocomfamilias.com.br\/wp-content\/uploads\/2026\/09\/Homen-com-saco-nas-costas.png","datePublished":"2026-09-03T13:54:56+00:00","dateModified":"2026-09-03T14:02:25+00:00","breadcrumb":{"@id":"https:\/\/ministeriocomfamilias.com.br\/o-andarilho\/#breadcrumb"},"inLanguage":"en-US","potentialAction":[{"@type":"ReadAction","target":["https:\/\/ministeriocomfamilias.com.br\/o-andarilho\/"]}]},{"@type":"ImageObject","inLanguage":"en-US","@id":"https:\/\/ministeriocomfamilias.com.br\/o-andarilho\/#primaryimage","url":"https:\/\/ministeriocomfamilias.com.br\/wp-content\/uploads\/2026\/09\/Homen-com-saco-nas-costas.png","contentUrl":"https:\/\/ministeriocomfamilias.com.br\/wp-content\/uploads\/2026\/09\/Homen-com-saco-nas-costas.png","width":1536,"height":1024},{"@type":"BreadcrumbList","@id":"https:\/\/ministeriocomfamilias.com.br\/o-andarilho\/#breadcrumb","itemListElement":[{"@type":"ListItem","position":1,"name":"In\u00edcio","item":"https:\/\/ministeriocomfamilias.com.br\/"},{"@type":"ListItem","position":2,"name":"O ANDARILHO"}]},{"@type":"WebSite","@id":"https:\/\/ministeriocomfamilias.com.br\/#website","url":"https:\/\/ministeriocomfamilias.com.br\/","name":"Minist\u00e9rio com Fam\u00edlias Jesus \u00e9 Senhor","description":"Portal da Fam\u00edlia","publisher":{"@id":"https:\/\/ministeriocomfamilias.com.br\/#organization"},"potentialAction":[{"@type":"SearchAction","target":{"@type":"EntryPoint","urlTemplate":"https:\/\/ministeriocomfamilias.com.br\/?s={search_term_string}"},"query-input":{"@type":"PropertyValueSpecification","valueRequired":true,"valueName":"search_term_string"}}],"inLanguage":"en-US"},{"@type":"Organization","@id":"https:\/\/ministeriocomfamilias.com.br\/#organization","name":"Minist\u00e9rio com Fam\u00edlias Jesus \u00e9 Senhor","url":"https:\/\/ministeriocomfamilias.com.br\/","logo":{"@type":"ImageObject","inLanguage":"en-US","@id":"https:\/\/ministeriocomfamilias.com.br\/#\/schema\/logo\/image\/","url":"https:\/\/ministeriocomfamilias.com.br\/wp-content\/uploads\/2026\/08\/logomarca-400x123-1-1.png","contentUrl":"https:\/\/ministeriocomfamilias.com.br\/wp-content\/uploads\/2026\/08\/logomarca-400x123-1-1.png","width":800,"height":246,"caption":"Minist\u00e9rio com Fam\u00edlias Jesus \u00e9 Senhor"},"image":{"@id":"https:\/\/ministeriocomfamilias.com.br\/#\/schema\/logo\/image\/"}},{"@type":"Person","@id":"https:\/\/ministeriocomfamilias.com.br\/#\/schema\/person\/cec4a3d0054d26ab912f7da686121ef7","name":"Pr. Nelson Gouv\u00eaa","image":{"@type":"ImageObject","inLanguage":"en-US","@id":"https:\/\/secure.gravatar.com\/avatar\/45143889b48f48bf53caa0d255034f53f0935222a05ecd6fdaa82bc6e8e3de24?s=96&d=mm&r=g","url":"https:\/\/secure.gravatar.com\/avatar\/45143889b48f48bf53caa0d255034f53f0935222a05ecd6fdaa82bc6e8e3de24?s=96&d=mm&r=g","contentUrl":"https:\/\/secure.gravatar.com\/avatar\/45143889b48f48bf53caa0d255034f53f0935222a05ecd6fdaa82bc6e8e3de24?s=96&d=mm&r=g","caption":"Pr. Nelson Gouv\u00eaa"},"url":"https:\/\/ministeriocomfamilias.com.br\/en\/author\/nelson\/"}]}},"_links":{"self":[{"href":"https:\/\/ministeriocomfamilias.com.br\/en\/wp-json\/wp\/v2\/posts\/979","targetHints":{"allow":["GET"]}}],"collection":[{"href":"https:\/\/ministeriocomfamilias.com.br\/en\/wp-json\/wp\/v2\/posts"}],"about":[{"href":"https:\/\/ministeriocomfamilias.com.br\/en\/wp-json\/wp\/v2\/types\/post"}],"author":[{"embeddable":true,"href":"https:\/\/ministeriocomfamilias.com.br\/en\/wp-json\/wp\/v2\/users\/2"}],"replies":[{"embeddable":true,"href":"https:\/\/ministeriocomfamilias.com.br\/en\/wp-json\/wp\/v2\/comments?post=979"}],"version-history":[{"count":1,"href":"https:\/\/ministeriocomfamilias.com.br\/en\/wp-json\/wp\/v2\/posts\/979\/revisions"}],"predecessor-version":[{"id":981,"href":"https:\/\/ministeriocomfamilias.com.br\/en\/wp-json\/wp\/v2\/posts\/979\/revisions\/981"}],"wp:featuredmedia":[{"embeddable":true,"href":"https:\/\/ministeriocomfamilias.com.br\/en\/wp-json\/wp\/v2\/media\/980"}],"wp:attachment":[{"href":"https:\/\/ministeriocomfamilias.com.br\/en\/wp-json\/wp\/v2\/media?parent=979"}],"wp:term":[{"taxonomy":"category","embeddable":true,"href":"https:\/\/ministeriocomfamilias.com.br\/en\/wp-json\/wp\/v2\/categories?post=979"},{"taxonomy":"post_tag","embeddable":true,"href":"https:\/\/ministeriocomfamilias.com.br\/en\/wp-json\/wp\/v2\/tags?post=979"}],"curies":[{"name":"wp","href":"https:\/\/api.w.org\/{rel}","templated":true}]}}