{"id":982,"date":"2026-09-03T11:44:00","date_gmt":"2026-09-03T14:44:00","guid":{"rendered":"https:\/\/ministeriocomfamilias.com.br\/?p=982"},"modified":"2026-09-03T11:44:48","modified_gmt":"2026-09-03T14:44:48","slug":"o-que-fazer-diante-dos-problemas","status":"publish","type":"post","link":"https:\/\/ministeriocomfamilias.com.br\/en\/o-que-fazer-diante-dos-problemas\/","title":{"rendered":"O QUE FAZER DIANTE DOS PROBLEMAS?"},"content":{"rendered":"<figure class=\"wp-block-embed is-type-video is-provider-youtube wp-block-embed-youtube ext-animate--on wp-embed-aspect-16-9 wp-has-aspect-ratio\"><div class=\"wp-block-embed__wrapper\">\n<iframe loading=\"lazy\" title=\"O que fazer diante dos problemas? -  Pr. Nelson Gouv\u00eaa\" width=\"500\" height=\"281\" src=\"https:\/\/www.youtube.com\/embed\/V6IifTcLwQs?feature=oembed\" frameborder=\"0\" allow=\"accelerometer; autoplay; clipboard-write; encrypted-media; gyroscope; picture-in-picture; web-share\" referrerpolicy=\"strict-origin-when-cross-origin\" allowfullscreen><\/iframe>\n<\/div><\/figure>\n\n\n\n<p class=\"ext-animate--on wp-block-paragraph\">Todos n\u00f3s enfrentamos problemas. Existem momentos em que as dificuldades parecem maiores do que nossas for\u00e7as e em que esperamos por uma resposta que parece demorar. O Salmo 40:1-3 apresenta a experi\u00eancia de Davi diante de uma situa\u00e7\u00e3o dif\u00edcil. Ele declara: <strong>\u201cEsperei com paci\u00eancia no Senhor, e ele se inclinou para mim, e ouviu o meu clamor.\u201d<\/strong> Essas palavras nos ensinam que, diante dos problemas, nossa primeira atitude n\u00e3o deve ser o desespero, mas a confian\u00e7a em Deus.<\/p>\n\n\n\n<p class=\"ext-animate--on wp-block-paragraph\">Davi estava em uma situa\u00e7\u00e3o semelhante a algu\u00e9m preso em um \u201ccharco de lodo\u201d ou em um \u201ctremedal de lama\u201d. Essa imagem representa momentos em que parece dif\u00edcil encontrar uma sa\u00edda. Quanto mais tentamos resolver determinadas situa\u00e7\u00f5es apenas com nossas pr\u00f3prias for\u00e7as, mais podemos nos sentir presos. Por\u00e9m, Davi decidiu clamar ao Senhor e esperar nEle. Deus ouviu seu pedido, tirou-o daquele lugar e colocou seus p\u00e9s sobre uma rocha, dando-lhe seguran\u00e7a para continuar caminhando.<\/p>\n\n\n\n<p class=\"ext-animate--on wp-block-paragraph\">A passagem tamb\u00e9m mostra que Deus n\u00e3o apenas nos tira das dificuldades; Ele pode transformar nossas experi\u00eancias em testemunhos. Davi afirma que Deus colocou <strong>\u201cum c\u00e2ntico novo\u201d<\/strong> em seus l\u00e1bios. Aquilo que antes era motivo de choro tornou-se uma oportunidade de louvor. A prova n\u00e3o teve a palavra final.<\/p>\n\n\n\n<p class=\"ext-animate--on wp-block-paragraph\">Diante dos problemas, precisamos aprender a <strong>clamar, esperar e confiar<\/strong>. Clamar significa reconhecer que precisamos de Deus. Esperar significa n\u00e3o desistir quando a resposta n\u00e3o chega no nosso tempo. Confiar significa acreditar que Deus continua trabalhando, mesmo quando n\u00e3o conseguimos enxergar o que Ele est\u00e1 fazendo.<\/p>\n\n\n\n<p class=\"ext-animate--on wp-block-paragraph\">Talvez voc\u00ea esteja passando por um momento dif\u00edcil e n\u00e3o saiba o que fazer. <strong>Ore. Espere no Senhor. Permane\u00e7a firme.<\/strong> Deus pode transformar o seu \u201ccharco de lodo\u201d em um lugar de aprendizado, seu desespero em esperan\u00e7a e sua dor em um novo c\u00e2ntico.<\/p>\n\n\n\n<p class=\"ext-animate--on wp-block-paragraph\"><strong>O problema pode ser grande, mas o Deus que ouve o nosso clamor \u00e9 infinitamente maior.<\/strong><\/p>\n\n\n\n<p class=\"ext-animate--on wp-block-paragraph\">Deus lhe aben\u00e7oe em fam\u00edlia!<\/p>","protected":false},"excerpt":{"rendered":"<p>Todos n\u00f3s enfrentamos problemas. Existem momentos em que as dificuldades parecem maiores do que nossas for\u00e7as e em que esperamos por uma resposta que parece demorar. O Salmo 40:1-3 apresenta a experi\u00eancia de Davi diante de uma situa\u00e7\u00e3o dif\u00edcil. Ele declara: \u201cEsperei com paci\u00eancia no Senhor, e ele se inclinou para mim, e ouviu o [&hellip;]<\/p>\n","protected":false},"author":2,"featured_media":983,"comment_status":"open","ping_status":"open","sticky":false,"template":"","format":"standard","meta":{"footnotes":""},"categories":[142],"tags":[511,509,505,510,38,404,410,272,472,41,373,507,228,508,506],"class_list":["post-982","post","type-post","status-publish","format-standard","has-post-thumbnail","hentry","category-videos","tag-acreditar","tag-cantico","tag-charco-le-lodo","tag-choro","tag-deus","tag-dificuldades","tag-experiencia","tag-forcas","tag-louvor","tag-oracao","tag-paciencia","tag-pes","tag-problemas","tag-rocha","tag-tremedal"],"yoast_head":"<!-- This site is optimized with the Yoast SEO plugin v28.3 - https:\/\/yoast.com\/product\/yoast-seo-wordpress\/ -->\n<title>O QUE FAZER DIANTE DOS PROBLEMAS? - Minist\u00e9rio com Fam\u00edlias Jesus \u00e9 Senhor<\/title>\n<meta name=\"robots\" content=\"index, follow, max-snippet:-1, max-image-preview:large, max-video-preview:-1\" \/>\n<link rel=\"canonical\" href=\"https:\/\/ministeriocomfamilias.com.br\/en\/o-que-fazer-diante-dos-problemas\/\" \/>\n<meta property=\"og:locale\" content=\"en_US\" \/>\n<meta property=\"og:type\" content=\"article\" \/>\n<meta property=\"og:title\" content=\"O QUE FAZER DIANTE DOS PROBLEMAS? - Minist\u00e9rio com Fam\u00edlias Jesus \u00e9 Senhor\" \/>\n<meta property=\"og:description\" content=\"Todos n\u00f3s enfrentamos problemas. Existem momentos em que as dificuldades parecem maiores do que nossas for\u00e7as e em que esperamos por uma resposta que parece demorar. O Salmo 40:1-3 apresenta a experi\u00eancia de Davi diante de uma situa\u00e7\u00e3o dif\u00edcil. Ele declara: \u201cEsperei com paci\u00eancia no Senhor, e ele se inclinou para mim, e ouviu o [&hellip;]\" \/>\n<meta property=\"og:url\" content=\"https:\/\/ministeriocomfamilias.com.br\/en\/o-que-fazer-diante-dos-problemas\/\" \/>\n<meta property=\"og:site_name\" content=\"Minist\u00e9rio com Fam\u00edlias Jesus \u00e9 Senhor\" \/>\n<meta property=\"article:published_time\" content=\"2026-09-03T14:44:00+00:00\" \/>\n<meta property=\"article:modified_time\" content=\"2026-09-03T14:44:48+00:00\" \/>\n<meta property=\"og:image\" content=\"https:\/\/ministeriocomfamilias.com.br\/wp-content\/uploads\/2026\/09\/Charco-de-lodo-1024x683.png\" \/>\n\t<meta property=\"og:image:width\" content=\"1024\" \/>\n\t<meta property=\"og:image:height\" content=\"683\" \/>\n\t<meta property=\"og:image:type\" content=\"image\/png\" \/>\n<meta name=\"author\" content=\"Pr. Nelson Gouv\u00eaa\" \/>\n<meta name=\"twitter:card\" content=\"summary_large_image\" \/>\n<meta name=\"twitter:label1\" content=\"Written by\" \/>\n\t<meta name=\"twitter:data1\" content=\"Pr. Nelson Gouv\u00eaa\" \/>\n\t<meta name=\"twitter:label2\" content=\"Est. reading time\" \/>\n\t<meta name=\"twitter:data2\" content=\"2 minutes\" \/>\n<script type=\"application\/ld+json\" class=\"yoast-schema-graph\">{\"@context\":\"https:\\\/\\\/schema.org\",\"@graph\":[{\"@type\":\"Article\",\"@id\":\"https:\\\/\\\/ministeriocomfamilias.com.br\\\/o-que-fazer-diante-dos-problemas\\\/#article\",\"isPartOf\":{\"@id\":\"https:\\\/\\\/ministeriocomfamilias.com.br\\\/o-que-fazer-diante-dos-problemas\\\/\"},\"author\":{\"name\":\"Pr. Nelson Gouv\u00eaa\",\"@id\":\"https:\\\/\\\/ministeriocomfamilias.com.br\\\/#\\\/schema\\\/person\\\/cec4a3d0054d26ab912f7da686121ef7\"},\"headline\":\"O QUE FAZER DIANTE DOS PROBLEMAS?\",\"datePublished\":\"2026-09-03T14:44:00+00:00\",\"dateModified\":\"2026-09-03T14:44:48+00:00\",\"mainEntityOfPage\":{\"@id\":\"https:\\\/\\\/ministeriocomfamilias.com.br\\\/o-que-fazer-diante-dos-problemas\\\/\"},\"wordCount\":357,\"commentCount\":0,\"publisher\":{\"@id\":\"https:\\\/\\\/ministeriocomfamilias.com.br\\\/#organization\"},\"image\":{\"@id\":\"https:\\\/\\\/ministeriocomfamilias.com.br\\\/o-que-fazer-diante-dos-problemas\\\/#primaryimage\"},\"thumbnailUrl\":\"https:\\\/\\\/ministeriocomfamilias.com.br\\\/wp-content\\\/uploads\\\/2026\\\/09\\\/Charco-de-lodo.png\",\"keywords\":[\"Acreditar\",\"C\u00e2ntico\",\"Charco le lodo\",\"Choro\",\"Deus\",\"Dificuldades\",\"Experi\u00eancia\",\"For\u00e7as\",\"Louvor\",\"Ora\u00e7\u00e3o\",\"Paci\u00eancia\",\"P\u00e9s\",\"Problemas\",\"Rocha\",\"Tremedal\"],\"articleSection\":[\"Videos\"],\"inLanguage\":\"en-US\",\"potentialAction\":[{\"@type\":\"CommentAction\",\"name\":\"Comment\",\"target\":[\"https:\\\/\\\/ministeriocomfamilias.com.br\\\/o-que-fazer-diante-dos-problemas\\\/#respond\"]}]},{\"@type\":\"WebPage\",\"@id\":\"https:\\\/\\\/ministeriocomfamilias.com.br\\\/o-que-fazer-diante-dos-problemas\\\/\",\"url\":\"https:\\\/\\\/ministeriocomfamilias.com.br\\\/o-que-fazer-diante-dos-problemas\\\/\",\"name\":\"O QUE FAZER DIANTE DOS PROBLEMAS? - Minist\u00e9rio com Fam\u00edlias Jesus \u00e9 Senhor\",\"isPartOf\":{\"@id\":\"https:\\\/\\\/ministeriocomfamilias.com.br\\\/#website\"},\"primaryImageOfPage\":{\"@id\":\"https:\\\/\\\/ministeriocomfamilias.com.br\\\/o-que-fazer-diante-dos-problemas\\\/#primaryimage\"},\"image\":{\"@id\":\"https:\\\/\\\/ministeriocomfamilias.com.br\\\/o-que-fazer-diante-dos-problemas\\\/#primaryimage\"},\"thumbnailUrl\":\"https:\\\/\\\/ministeriocomfamilias.com.br\\\/wp-content\\\/uploads\\\/2026\\\/09\\\/Charco-de-lodo.png\",\"datePublished\":\"2026-09-03T14:44:00+00:00\",\"dateModified\":\"2026-09-03T14:44:48+00:00\",\"breadcrumb\":{\"@id\":\"https:\\\/\\\/ministeriocomfamilias.com.br\\\/o-que-fazer-diante-dos-problemas\\\/#breadcrumb\"},\"inLanguage\":\"en-US\",\"potentialAction\":[{\"@type\":\"ReadAction\",\"target\":[\"https:\\\/\\\/ministeriocomfamilias.com.br\\\/o-que-fazer-diante-dos-problemas\\\/\"]}]},{\"@type\":\"ImageObject\",\"inLanguage\":\"en-US\",\"@id\":\"https:\\\/\\\/ministeriocomfamilias.com.br\\\/o-que-fazer-diante-dos-problemas\\\/#primaryimage\",\"url\":\"https:\\\/\\\/ministeriocomfamilias.com.br\\\/wp-content\\\/uploads\\\/2026\\\/09\\\/Charco-de-lodo.png\",\"contentUrl\":\"https:\\\/\\\/ministeriocomfamilias.com.br\\\/wp-content\\\/uploads\\\/2026\\\/09\\\/Charco-de-lodo.png\",\"width\":1536,\"height\":1024},{\"@type\":\"BreadcrumbList\",\"@id\":\"https:\\\/\\\/ministeriocomfamilias.com.br\\\/o-que-fazer-diante-dos-problemas\\\/#breadcrumb\",\"itemListElement\":[{\"@type\":\"ListItem\",\"position\":1,\"name\":\"In\u00edcio\",\"item\":\"https:\\\/\\\/ministeriocomfamilias.com.br\\\/\"},{\"@type\":\"ListItem\",\"position\":2,\"name\":\"O QUE FAZER DIANTE DOS PROBLEMAS?\"}]},{\"@type\":\"WebSite\",\"@id\":\"https:\\\/\\\/ministeriocomfamilias.com.br\\\/#website\",\"url\":\"https:\\\/\\\/ministeriocomfamilias.com.br\\\/\",\"name\":\"Minist\u00e9rio com Fam\u00edlias Jesus \u00e9 Senhor\",\"description\":\"Portal da Fam\u00edlia\",\"publisher\":{\"@id\":\"https:\\\/\\\/ministeriocomfamilias.com.br\\\/#organization\"},\"potentialAction\":[{\"@type\":\"SearchAction\",\"target\":{\"@type\":\"EntryPoint\",\"urlTemplate\":\"https:\\\/\\\/ministeriocomfamilias.com.br\\\/?s={search_term_string}\"},\"query-input\":{\"@type\":\"PropertyValueSpecification\",\"valueRequired\":true,\"valueName\":\"search_term_string\"}}],\"inLanguage\":\"en-US\"},{\"@type\":\"Organization\",\"@id\":\"https:\\\/\\\/ministeriocomfamilias.com.br\\\/#organization\",\"name\":\"Minist\u00e9rio com Fam\u00edlias Jesus \u00e9 Senhor\",\"url\":\"https:\\\/\\\/ministeriocomfamilias.com.br\\\/\",\"logo\":{\"@type\":\"ImageObject\",\"inLanguage\":\"en-US\",\"@id\":\"https:\\\/\\\/ministeriocomfamilias.com.br\\\/#\\\/schema\\\/logo\\\/image\\\/\",\"url\":\"https:\\\/\\\/ministeriocomfamilias.com.br\\\/wp-content\\\/uploads\\\/2026\\\/08\\\/logomarca-400x123-1-1.png\",\"contentUrl\":\"https:\\\/\\\/ministeriocomfamilias.com.br\\\/wp-content\\\/uploads\\\/2026\\\/08\\\/logomarca-400x123-1-1.png\",\"width\":800,\"height\":246,\"caption\":\"Minist\u00e9rio com Fam\u00edlias Jesus \u00e9 Senhor\"},\"image\":{\"@id\":\"https:\\\/\\\/ministeriocomfamilias.com.br\\\/#\\\/schema\\\/logo\\\/image\\\/\"}},{\"@type\":\"Person\",\"@id\":\"https:\\\/\\\/ministeriocomfamilias.com.br\\\/#\\\/schema\\\/person\\\/cec4a3d0054d26ab912f7da686121ef7\",\"name\":\"Pr. Nelson Gouv\u00eaa\",\"image\":{\"@type\":\"ImageObject\",\"inLanguage\":\"en-US\",\"@id\":\"https:\\\/\\\/secure.gravatar.com\\\/avatar\\\/45143889b48f48bf53caa0d255034f53f0935222a05ecd6fdaa82bc6e8e3de24?s=96&d=mm&r=g\",\"url\":\"https:\\\/\\\/secure.gravatar.com\\\/avatar\\\/45143889b48f48bf53caa0d255034f53f0935222a05ecd6fdaa82bc6e8e3de24?s=96&d=mm&r=g\",\"contentUrl\":\"https:\\\/\\\/secure.gravatar.com\\\/avatar\\\/45143889b48f48bf53caa0d255034f53f0935222a05ecd6fdaa82bc6e8e3de24?s=96&d=mm&r=g\",\"caption\":\"Pr. Nelson Gouv\u00eaa\"},\"url\":\"https:\\\/\\\/ministeriocomfamilias.com.br\\\/en\\\/author\\\/nelson\\\/\"}]}<\/script>\n<!-- \/ Yoast SEO plugin. -->","yoast_head_json":{"title":"O QUE FAZER DIANTE DOS PROBLEMAS? - Minist\u00e9rio com Fam\u00edlias Jesus \u00e9 Senhor","robots":{"index":"index","follow":"follow","max-snippet":"max-snippet:-1","max-image-preview":"max-image-preview:large","max-video-preview":"max-video-preview:-1"},"canonical":"https:\/\/ministeriocomfamilias.com.br\/en\/o-que-fazer-diante-dos-problemas\/","og_locale":"en_US","og_type":"article","og_title":"O QUE FAZER DIANTE DOS PROBLEMAS? - Minist\u00e9rio com Fam\u00edlias Jesus \u00e9 Senhor","og_description":"Todos n\u00f3s enfrentamos problemas. Existem momentos em que as dificuldades parecem maiores do que nossas for\u00e7as e em que esperamos por uma resposta que parece demorar. O Salmo 40:1-3 apresenta a experi\u00eancia de Davi diante de uma situa\u00e7\u00e3o dif\u00edcil. Ele declara: \u201cEsperei com paci\u00eancia no Senhor, e ele se inclinou para mim, e ouviu o [&hellip;]","og_url":"https:\/\/ministeriocomfamilias.com.br\/en\/o-que-fazer-diante-dos-problemas\/","og_site_name":"Minist\u00e9rio com Fam\u00edlias Jesus \u00e9 Senhor","article_published_time":"2026-09-03T14:44:00+00:00","article_modified_time":"2026-09-03T14:44:48+00:00","og_image":[{"width":1024,"height":683,"url":"https:\/\/ministeriocomfamilias.com.br\/wp-content\/uploads\/2026\/09\/Charco-de-lodo-1024x683.png","type":"image\/png"}],"author":"Pr. Nelson Gouv\u00eaa","twitter_card":"summary_large_image","twitter_misc":{"Written by":"Pr. Nelson Gouv\u00eaa","Est. reading time":"2 minutes"},"schema":{"@context":"https:\/\/schema.org","@graph":[{"@type":"Article","@id":"https:\/\/ministeriocomfamilias.com.br\/o-que-fazer-diante-dos-problemas\/#article","isPartOf":{"@id":"https:\/\/ministeriocomfamilias.com.br\/o-que-fazer-diante-dos-problemas\/"},"author":{"name":"Pr. Nelson Gouv\u00eaa","@id":"https:\/\/ministeriocomfamilias.com.br\/#\/schema\/person\/cec4a3d0054d26ab912f7da686121ef7"},"headline":"O QUE FAZER DIANTE DOS PROBLEMAS?","datePublished":"2026-09-03T14:44:00+00:00","dateModified":"2026-09-03T14:44:48+00:00","mainEntityOfPage":{"@id":"https:\/\/ministeriocomfamilias.com.br\/o-que-fazer-diante-dos-problemas\/"},"wordCount":357,"commentCount":0,"publisher":{"@id":"https:\/\/ministeriocomfamilias.com.br\/#organization"},"image":{"@id":"https:\/\/ministeriocomfamilias.com.br\/o-que-fazer-diante-dos-problemas\/#primaryimage"},"thumbnailUrl":"https:\/\/ministeriocomfamilias.com.br\/wp-content\/uploads\/2026\/09\/Charco-de-lodo.png","keywords":["Acreditar","C\u00e2ntico","Charco le lodo","Choro","Deus","Dificuldades","Experi\u00eancia","For\u00e7as","Louvor","Ora\u00e7\u00e3o","Paci\u00eancia","P\u00e9s","Problemas","Rocha","Tremedal"],"articleSection":["Videos"],"inLanguage":"en-US","potentialAction":[{"@type":"CommentAction","name":"Comment","target":["https:\/\/ministeriocomfamilias.com.br\/o-que-fazer-diante-dos-problemas\/#respond"]}]},{"@type":"WebPage","@id":"https:\/\/ministeriocomfamilias.com.br\/o-que-fazer-diante-dos-problemas\/","url":"https:\/\/ministeriocomfamilias.com.br\/o-que-fazer-diante-dos-problemas\/","name":"O QUE FAZER DIANTE DOS PROBLEMAS? - Minist\u00e9rio com Fam\u00edlias Jesus \u00e9 Senhor","isPartOf":{"@id":"https:\/\/ministeriocomfamilias.com.br\/#website"},"primaryImageOfPage":{"@id":"https:\/\/ministeriocomfamilias.com.br\/o-que-fazer-diante-dos-problemas\/#primaryimage"},"image":{"@id":"https:\/\/ministeriocomfamilias.com.br\/o-que-fazer-diante-dos-problemas\/#primaryimage"},"thumbnailUrl":"https:\/\/ministeriocomfamilias.com.br\/wp-content\/uploads\/2026\/09\/Charco-de-lodo.png","datePublished":"2026-09-03T14:44:00+00:00","dateModified":"2026-09-03T14:44:48+00:00","breadcrumb":{"@id":"https:\/\/ministeriocomfamilias.com.br\/o-que-fazer-diante-dos-problemas\/#breadcrumb"},"inLanguage":"en-US","potentialAction":[{"@type":"ReadAction","target":["https:\/\/ministeriocomfamilias.com.br\/o-que-fazer-diante-dos-problemas\/"]}]},{"@type":"ImageObject","inLanguage":"en-US","@id":"https:\/\/ministeriocomfamilias.com.br\/o-que-fazer-diante-dos-problemas\/#primaryimage","url":"https:\/\/ministeriocomfamilias.com.br\/wp-content\/uploads\/2026\/09\/Charco-de-lodo.png","contentUrl":"https:\/\/ministeriocomfamilias.com.br\/wp-content\/uploads\/2026\/09\/Charco-de-lodo.png","width":1536,"height":1024},{"@type":"BreadcrumbList","@id":"https:\/\/ministeriocomfamilias.com.br\/o-que-fazer-diante-dos-problemas\/#breadcrumb","itemListElement":[{"@type":"ListItem","position":1,"name":"In\u00edcio","item":"https:\/\/ministeriocomfamilias.com.br\/"},{"@type":"ListItem","position":2,"name":"O QUE FAZER DIANTE DOS PROBLEMAS?"}]},{"@type":"WebSite","@id":"https:\/\/ministeriocomfamilias.com.br\/#website","url":"https:\/\/ministeriocomfamilias.com.br\/","name":"Minist\u00e9rio com Fam\u00edlias Jesus \u00e9 Senhor","description":"Portal da Fam\u00edlia","publisher":{"@id":"https:\/\/ministeriocomfamilias.com.br\/#organization"},"potentialAction":[{"@type":"SearchAction","target":{"@type":"EntryPoint","urlTemplate":"https:\/\/ministeriocomfamilias.com.br\/?s={search_term_string}"},"query-input":{"@type":"PropertyValueSpecification","valueRequired":true,"valueName":"search_term_string"}}],"inLanguage":"en-US"},{"@type":"Organization","@id":"https:\/\/ministeriocomfamilias.com.br\/#organization","name":"Minist\u00e9rio com Fam\u00edlias Jesus \u00e9 Senhor","url":"https:\/\/ministeriocomfamilias.com.br\/","logo":{"@type":"ImageObject","inLanguage":"en-US","@id":"https:\/\/ministeriocomfamilias.com.br\/#\/schema\/logo\/image\/","url":"https:\/\/ministeriocomfamilias.com.br\/wp-content\/uploads\/2026\/08\/logomarca-400x123-1-1.png","contentUrl":"https:\/\/ministeriocomfamilias.com.br\/wp-content\/uploads\/2026\/08\/logomarca-400x123-1-1.png","width":800,"height":246,"caption":"Minist\u00e9rio com Fam\u00edlias Jesus \u00e9 Senhor"},"image":{"@id":"https:\/\/ministeriocomfamilias.com.br\/#\/schema\/logo\/image\/"}},{"@type":"Person","@id":"https:\/\/ministeriocomfamilias.com.br\/#\/schema\/person\/cec4a3d0054d26ab912f7da686121ef7","name":"Pr. Nelson Gouv\u00eaa","image":{"@type":"ImageObject","inLanguage":"en-US","@id":"https:\/\/secure.gravatar.com\/avatar\/45143889b48f48bf53caa0d255034f53f0935222a05ecd6fdaa82bc6e8e3de24?s=96&d=mm&r=g","url":"https:\/\/secure.gravatar.com\/avatar\/45143889b48f48bf53caa0d255034f53f0935222a05ecd6fdaa82bc6e8e3de24?s=96&d=mm&r=g","contentUrl":"https:\/\/secure.gravatar.com\/avatar\/45143889b48f48bf53caa0d255034f53f0935222a05ecd6fdaa82bc6e8e3de24?s=96&d=mm&r=g","caption":"Pr. Nelson Gouv\u00eaa"},"url":"https:\/\/ministeriocomfamilias.com.br\/en\/author\/nelson\/"}]}},"_links":{"self":[{"href":"https:\/\/ministeriocomfamilias.com.br\/en\/wp-json\/wp\/v2\/posts\/982","targetHints":{"allow":["GET"]}}],"collection":[{"href":"https:\/\/ministeriocomfamilias.com.br\/en\/wp-json\/wp\/v2\/posts"}],"about":[{"href":"https:\/\/ministeriocomfamilias.com.br\/en\/wp-json\/wp\/v2\/types\/post"}],"author":[{"embeddable":true,"href":"https:\/\/ministeriocomfamilias.com.br\/en\/wp-json\/wp\/v2\/users\/2"}],"replies":[{"embeddable":true,"href":"https:\/\/ministeriocomfamilias.com.br\/en\/wp-json\/wp\/v2\/comments?post=982"}],"version-history":[{"count":1,"href":"https:\/\/ministeriocomfamilias.com.br\/en\/wp-json\/wp\/v2\/posts\/982\/revisions"}],"predecessor-version":[{"id":984,"href":"https:\/\/ministeriocomfamilias.com.br\/en\/wp-json\/wp\/v2\/posts\/982\/revisions\/984"}],"wp:featuredmedia":[{"embeddable":true,"href":"https:\/\/ministeriocomfamilias.com.br\/en\/wp-json\/wp\/v2\/media\/983"}],"wp:attachment":[{"href":"https:\/\/ministeriocomfamilias.com.br\/en\/wp-json\/wp\/v2\/media?parent=982"}],"wp:term":[{"taxonomy":"category","embeddable":true,"href":"https:\/\/ministeriocomfamilias.com.br\/en\/wp-json\/wp\/v2\/categories?post=982"},{"taxonomy":"post_tag","embeddable":true,"href":"https:\/\/ministeriocomfamilias.com.br\/en\/wp-json\/wp\/v2\/tags?post=982"}],"curies":[{"name":"wp","href":"https:\/\/api.w.org\/{rel}","templated":true}]}}