{"id":985,"date":"2026-09-04T09:44:21","date_gmt":"2026-09-04T12:44:21","guid":{"rendered":"https:\/\/ministeriocomfamilias.com.br\/?p=985"},"modified":"2026-09-04T09:44:23","modified_gmt":"2026-09-04T12:44:23","slug":"escreva-claramente-a-visao","status":"publish","type":"post","link":"https:\/\/ministeriocomfamilias.com.br\/en\/escreva-claramente-a-visao\/","title":{"rendered":"ESCREVA CLARAMENTE A VIS\u00c3O"},"content":{"rendered":"<p class=\"ext-animate--on wp-block-paragraph\">Voc\u00ea recebeu de Deus alguma dire\u00e7\u00e3o ou vis\u00e3o para sua vida pessoal, familiar, profissional ou ministerial? Existe algum sonho que voc\u00ea entende ter recebido do Senhor, mas que parece estar muito distante da sua realidade atual? \u00c0s vezes, aquilo que Deus coloca em nosso cora\u00e7\u00e3o parece grande demais diante dos recursos que possu\u00edmos. Entretanto, n\u00e3o devemos avaliar uma vis\u00e3o apenas pelas circunst\u00e2ncias presentes. <strong>Precisamos aprender a olhar para aquilo que Deus pode fazer por meio de uma pessoa disposta a confiar, obedecer e perseverar.<\/strong><\/p>\n\n\n\n<p class=\"ext-animate--on wp-block-paragraph\">O profeta Habacuque recebeu uma orienta\u00e7\u00e3o muito clara: <strong>\u201cEscreva claramente a vis\u00e3o em t\u00e1buas, para que se leia facilmente. Pois a vis\u00e3o aguarda um tempo designado; ela fala do fim e n\u00e3o falhar\u00e1. Ainda que demore, espere-a; porque ela certamente vir\u00e1 e n\u00e3o se atrasar\u00e1.\u201d (Habacuque 2:2-3)<\/strong><\/p>\n\n\n\n<p class=\"ext-animate--on wp-block-paragraph\">A partir desse princ\u00edpio, podemos tomar algumas atitudes pr\u00e1ticas:<\/p>\n\n\n\n<p class=\"ext-animate--on wp-block-paragraph\"><strong>1. Escreva a vis\u00e3o<\/strong><\/p>\n\n\n\n<p class=\"ext-animate--on wp-block-paragraph\">Pegue uma folha e registre, de maneira simples e objetiva, aquilo que voc\u00ea entende que Deus tem colocado em seu cora\u00e7\u00e3o. Organize seus pensamentos nas \u00e1reas <strong>pessoal, familiar, profissional e ministerial<\/strong>. Escreva frases curtas, claras e espec\u00edficas.<\/p>\n\n\n\n<p class=\"ext-animate--on wp-block-paragraph\"><strong>2. Ore sobre aquilo que escreveu<\/strong><\/p>\n\n\n\n<p class=\"ext-animate--on wp-block-paragraph\">N\u00e3o basta escrever; \u00e9 necess\u00e1rio apresentar tudo ao Senhor. Converse com Deus sobre seus sonhos, projetos e expectativas. Pe\u00e7a sabedoria para compreender Sua vontade e discernimento para saber quais passos deve dar. A B\u00edblia nos orienta: <strong>\u201cConsagre ao Senhor tudo o que voc\u00ea faz, e os seus planos ser\u00e3o bem-sucedidos.\u201d (Prov\u00e9rbios 16:3)<\/strong> Isso significa colocar nossos projetos diante de Deus e permitir que Ele conduza cada etapa.<\/p>\n\n\n\n<p class=\"ext-animate--on wp-block-paragraph\"><strong>3. Coloque sua f\u00e9 em a\u00e7\u00e3o<\/strong><\/p>\n\n\n\n<p class=\"ext-animate--on wp-block-paragraph\">F\u00e9 n\u00e3o significa permanecer parado esperando que tudo aconte\u00e7a. A verdadeira f\u00e9 produz atitudes. Depois de orar, d\u00ea os passos poss\u00edveis e respons\u00e1veis na dire\u00e7\u00e3o daquilo que Deus colocou em seu cora\u00e7\u00e3o. <strong>\u201cAssim tamb\u00e9m a f\u00e9, por si s\u00f3, se n\u00e3o for acompanhada de obras, est\u00e1 morta.\u201d (Tiago 2:17)<\/strong> Fa\u00e7a o que estiver ao seu alcance, mas deixe os resultados nas m\u00e3os do Senhor.<\/p>\n\n\n\n<p class=\"ext-animate--on wp-block-paragraph\"><strong>4. Tenha paci\u00eancia<\/strong><\/p>\n\n\n\n<p class=\"ext-animate--on wp-block-paragraph\">Nem tudo acontece imediatamente. Existem processos, aprendizados e momentos determinados por Deus. Algumas promessas precisam de tempo para amadurecer. N\u00e3o permita que a demora fa\u00e7a voc\u00ea abandonar aquilo que Deus lhe confiou. <strong>Esperar tamb\u00e9m \u00e9 uma forma de exercitar a f\u00e9.<\/strong><\/p>\n\n\n\n<p class=\"ext-animate--on wp-block-paragraph\"><strong>5. Permane\u00e7a em comunh\u00e3o com Deus<\/strong><\/p>\n\n\n\n<p class=\"ext-animate--on wp-block-paragraph\">Quanto mais \u00edntimo estivermos do Senhor, mais preparados estaremos para discernir Sua vontade. Nem todo sonho que temos \u00e9 necessariamente uma promessa de Deus; por isso, precisamos comparar nossos desejos com a Palavra e buscar dire\u00e7\u00e3o em ora\u00e7\u00e3o. Jesus disse: <strong>\u201cEu sou a videira; voc\u00eas s\u00e3o os ramos. Se algu\u00e9m permanecer em mim e eu nele, esse dar\u00e1 muito fruto; pois sem mim voc\u00eas n\u00e3o podem fazer coisa alguma.\u201d (Jo\u00e3o 15:5)<\/strong><\/p>\n\n\n\n<p class=\"ext-animate--on wp-block-paragraph\">Portanto, <strong>escreva a vis\u00e3o, ore por ela, coloque sua f\u00e9 em a\u00e7\u00e3o, seja paciente e permane\u00e7a ligado ao Senhor.<\/strong> Se aquilo que voc\u00ea recebeu realmente est\u00e1 de acordo com a vontade de Deus, Ele saber\u00e1 conduzir cada etapa no tempo certo.<\/p>\n\n\n\n<p class=\"ext-animate--on wp-block-paragraph\"><strong>N\u00e3o permita que as circunst\u00e2ncias de hoje determinem o que Deus pode realizar amanh\u00e3.<\/strong><\/p>\n\n\n\n<p class=\"ext-animate--on wp-block-paragraph\"><strong>Deus lhe aben\u00e7oe em fam\u00edlia!<\/strong><\/p>\n\n\n\n<p class=\"ext-animate--on wp-block-paragraph\"><\/p>\n\n\n\n<p class=\"ext-animate--on wp-block-paragraph\"><\/p>","protected":false},"excerpt":{"rendered":"<p>Voc\u00ea recebeu de Deus alguma dire\u00e7\u00e3o ou vis\u00e3o para sua vida pessoal, familiar, profissional ou ministerial? Existe algum sonho que voc\u00ea entende ter recebido do Senhor, mas que parece estar muito distante da sua realidade atual? \u00c0s vezes, aquilo que Deus coloca em nosso cora\u00e7\u00e3o parece grande demais diante dos recursos que possu\u00edmos. Entretanto, n\u00e3o [&hellip;]<\/p>\n","protected":false},"author":2,"featured_media":986,"comment_status":"open","ping_status":"open","sticky":false,"template":"","format":"standard","meta":{"footnotes":""},"categories":[19],"tags":[451,121,248,38,254,42,518,522,516,514,519,373,288,521,515,513,520,152,517,512,523],"class_list":["post-985","post","type-post","status-publish","format-standard","has-post-thumbnail","hentry","category-ministerio","tag-atitudes","tag-circustancias","tag-coracao","tag-deus","tag-direcao","tag-fe","tag-folha","tag-fruto","tag-habacuque","tag-ministerial","tag-obras","tag-paciencia","tag-planos","tag-processos","tag-profeta","tag-profissional","tag-resultados","tag-senhor","tag-tabuas","tag-vida-pessoal","tag-visao"],"yoast_head":"<!-- This site is optimized with the Yoast SEO plugin v28.3 - https:\/\/yoast.com\/product\/yoast-seo-wordpress\/ -->\n<title>ESCREVA CLARAMENTE A VIS\u00c3O - Minist\u00e9rio com Fam\u00edlias Jesus \u00e9 Senhor<\/title>\n<meta name=\"robots\" content=\"index, follow, max-snippet:-1, max-image-preview:large, max-video-preview:-1\" \/>\n<link rel=\"canonical\" href=\"https:\/\/ministeriocomfamilias.com.br\/en\/escreva-claramente-a-visao\/\" \/>\n<meta property=\"og:locale\" content=\"en_US\" \/>\n<meta property=\"og:type\" content=\"article\" \/>\n<meta property=\"og:title\" content=\"ESCREVA CLARAMENTE A VIS\u00c3O - Minist\u00e9rio com Fam\u00edlias Jesus \u00e9 Senhor\" \/>\n<meta property=\"og:description\" content=\"Voc\u00ea recebeu de Deus alguma dire\u00e7\u00e3o ou vis\u00e3o para sua vida pessoal, familiar, profissional ou ministerial? Existe algum sonho que voc\u00ea entende ter recebido do Senhor, mas que parece estar muito distante da sua realidade atual? \u00c0s vezes, aquilo que Deus coloca em nosso cora\u00e7\u00e3o parece grande demais diante dos recursos que possu\u00edmos. Entretanto, n\u00e3o [&hellip;]\" \/>\n<meta property=\"og:url\" content=\"https:\/\/ministeriocomfamilias.com.br\/en\/escreva-claramente-a-visao\/\" \/>\n<meta property=\"og:site_name\" content=\"Minist\u00e9rio com Fam\u00edlias Jesus \u00e9 Senhor\" \/>\n<meta property=\"article:published_time\" content=\"2026-09-04T12:44:21+00:00\" \/>\n<meta property=\"article:modified_time\" content=\"2026-09-04T12:44:23+00:00\" \/>\n<meta property=\"og:image\" content=\"https:\/\/ministeriocomfamilias.com.br\/wp-content\/uploads\/2026\/09\/escrever-a-visao-1024x576.png\" \/>\n\t<meta property=\"og:image:width\" content=\"1024\" \/>\n\t<meta property=\"og:image:height\" content=\"576\" \/>\n\t<meta property=\"og:image:type\" content=\"image\/png\" \/>\n<meta name=\"author\" content=\"Pr. Nelson Gouv\u00eaa\" \/>\n<meta name=\"twitter:card\" content=\"summary_large_image\" \/>\n<meta name=\"twitter:label1\" content=\"Written by\" \/>\n\t<meta name=\"twitter:data1\" content=\"Pr. Nelson Gouv\u00eaa\" \/>\n\t<meta name=\"twitter:label2\" content=\"Est. reading time\" \/>\n\t<meta name=\"twitter:data2\" content=\"3 minutes\" \/>\n<script type=\"application\/ld+json\" class=\"yoast-schema-graph\">{\"@context\":\"https:\\\/\\\/schema.org\",\"@graph\":[{\"@type\":\"Article\",\"@id\":\"https:\\\/\\\/ministeriocomfamilias.com.br\\\/escreva-claramente-a-visao\\\/#article\",\"isPartOf\":{\"@id\":\"https:\\\/\\\/ministeriocomfamilias.com.br\\\/escreva-claramente-a-visao\\\/\"},\"author\":{\"name\":\"Pr. Nelson Gouv\u00eaa\",\"@id\":\"https:\\\/\\\/ministeriocomfamilias.com.br\\\/#\\\/schema\\\/person\\\/cec4a3d0054d26ab912f7da686121ef7\"},\"headline\":\"ESCREVA CLARAMENTE A VIS\u00c3O\",\"datePublished\":\"2026-09-04T12:44:21+00:00\",\"dateModified\":\"2026-09-04T12:44:23+00:00\",\"mainEntityOfPage\":{\"@id\":\"https:\\\/\\\/ministeriocomfamilias.com.br\\\/escreva-claramente-a-visao\\\/\"},\"wordCount\":555,\"commentCount\":0,\"publisher\":{\"@id\":\"https:\\\/\\\/ministeriocomfamilias.com.br\\\/#organization\"},\"image\":{\"@id\":\"https:\\\/\\\/ministeriocomfamilias.com.br\\\/escreva-claramente-a-visao\\\/#primaryimage\"},\"thumbnailUrl\":\"https:\\\/\\\/ministeriocomfamilias.com.br\\\/wp-content\\\/uploads\\\/2026\\\/09\\\/escrever-a-visao.png\",\"keywords\":[\"Atitudes\",\"Circust\u00e3ncias\",\"Cora\u00e7\u00e3o\",\"Deus\",\"Dire\u00e7\u00e3o\",\"F\u00e9\",\"Folha\",\"Fruto\",\"Habacuque\",\"Ministerial\",\"Obras\",\"Paci\u00eancia\",\"Planos\",\"Processos\",\"Profeta\",\"Profissional\",\"Resultados\",\"Senhor\",\"T\u00e1buas\",\"Vida Pessoal\",\"Vis\u00e3o\"],\"articleSection\":[\"Minist\u00e9rio\"],\"inLanguage\":\"en-US\",\"potentialAction\":[{\"@type\":\"CommentAction\",\"name\":\"Comment\",\"target\":[\"https:\\\/\\\/ministeriocomfamilias.com.br\\\/escreva-claramente-a-visao\\\/#respond\"]}]},{\"@type\":\"WebPage\",\"@id\":\"https:\\\/\\\/ministeriocomfamilias.com.br\\\/escreva-claramente-a-visao\\\/\",\"url\":\"https:\\\/\\\/ministeriocomfamilias.com.br\\\/escreva-claramente-a-visao\\\/\",\"name\":\"ESCREVA CLARAMENTE A VIS\u00c3O - Minist\u00e9rio com Fam\u00edlias Jesus \u00e9 Senhor\",\"isPartOf\":{\"@id\":\"https:\\\/\\\/ministeriocomfamilias.com.br\\\/#website\"},\"primaryImageOfPage\":{\"@id\":\"https:\\\/\\\/ministeriocomfamilias.com.br\\\/escreva-claramente-a-visao\\\/#primaryimage\"},\"image\":{\"@id\":\"https:\\\/\\\/ministeriocomfamilias.com.br\\\/escreva-claramente-a-visao\\\/#primaryimage\"},\"thumbnailUrl\":\"https:\\\/\\\/ministeriocomfamilias.com.br\\\/wp-content\\\/uploads\\\/2026\\\/09\\\/escrever-a-visao.png\",\"datePublished\":\"2026-09-04T12:44:21+00:00\",\"dateModified\":\"2026-09-04T12:44:23+00:00\",\"breadcrumb\":{\"@id\":\"https:\\\/\\\/ministeriocomfamilias.com.br\\\/escreva-claramente-a-visao\\\/#breadcrumb\"},\"inLanguage\":\"en-US\",\"potentialAction\":[{\"@type\":\"ReadAction\",\"target\":[\"https:\\\/\\\/ministeriocomfamilias.com.br\\\/escreva-claramente-a-visao\\\/\"]}]},{\"@type\":\"ImageObject\",\"inLanguage\":\"en-US\",\"@id\":\"https:\\\/\\\/ministeriocomfamilias.com.br\\\/escreva-claramente-a-visao\\\/#primaryimage\",\"url\":\"https:\\\/\\\/ministeriocomfamilias.com.br\\\/wp-content\\\/uploads\\\/2026\\\/09\\\/escrever-a-visao.png\",\"contentUrl\":\"https:\\\/\\\/ministeriocomfamilias.com.br\\\/wp-content\\\/uploads\\\/2026\\\/09\\\/escrever-a-visao.png\",\"width\":1672,\"height\":941},{\"@type\":\"BreadcrumbList\",\"@id\":\"https:\\\/\\\/ministeriocomfamilias.com.br\\\/escreva-claramente-a-visao\\\/#breadcrumb\",\"itemListElement\":[{\"@type\":\"ListItem\",\"position\":1,\"name\":\"In\u00edcio\",\"item\":\"https:\\\/\\\/ministeriocomfamilias.com.br\\\/\"},{\"@type\":\"ListItem\",\"position\":2,\"name\":\"ESCREVA CLARAMENTE A VIS\u00c3O\"}]},{\"@type\":\"WebSite\",\"@id\":\"https:\\\/\\\/ministeriocomfamilias.com.br\\\/#website\",\"url\":\"https:\\\/\\\/ministeriocomfamilias.com.br\\\/\",\"name\":\"Minist\u00e9rio com Fam\u00edlias Jesus \u00e9 Senhor\",\"description\":\"Portal da Fam\u00edlia\",\"publisher\":{\"@id\":\"https:\\\/\\\/ministeriocomfamilias.com.br\\\/#organization\"},\"potentialAction\":[{\"@type\":\"SearchAction\",\"target\":{\"@type\":\"EntryPoint\",\"urlTemplate\":\"https:\\\/\\\/ministeriocomfamilias.com.br\\\/?s={search_term_string}\"},\"query-input\":{\"@type\":\"PropertyValueSpecification\",\"valueRequired\":true,\"valueName\":\"search_term_string\"}}],\"inLanguage\":\"en-US\"},{\"@type\":\"Organization\",\"@id\":\"https:\\\/\\\/ministeriocomfamilias.com.br\\\/#organization\",\"name\":\"Minist\u00e9rio com Fam\u00edlias Jesus \u00e9 Senhor\",\"url\":\"https:\\\/\\\/ministeriocomfamilias.com.br\\\/\",\"logo\":{\"@type\":\"ImageObject\",\"inLanguage\":\"en-US\",\"@id\":\"https:\\\/\\\/ministeriocomfamilias.com.br\\\/#\\\/schema\\\/logo\\\/image\\\/\",\"url\":\"https:\\\/\\\/ministeriocomfamilias.com.br\\\/wp-content\\\/uploads\\\/2026\\\/08\\\/logomarca-400x123-1-1.png\",\"contentUrl\":\"https:\\\/\\\/ministeriocomfamilias.com.br\\\/wp-content\\\/uploads\\\/2026\\\/08\\\/logomarca-400x123-1-1.png\",\"width\":800,\"height\":246,\"caption\":\"Minist\u00e9rio com Fam\u00edlias Jesus \u00e9 Senhor\"},\"image\":{\"@id\":\"https:\\\/\\\/ministeriocomfamilias.com.br\\\/#\\\/schema\\\/logo\\\/image\\\/\"}},{\"@type\":\"Person\",\"@id\":\"https:\\\/\\\/ministeriocomfamilias.com.br\\\/#\\\/schema\\\/person\\\/cec4a3d0054d26ab912f7da686121ef7\",\"name\":\"Pr. Nelson Gouv\u00eaa\",\"image\":{\"@type\":\"ImageObject\",\"inLanguage\":\"en-US\",\"@id\":\"https:\\\/\\\/secure.gravatar.com\\\/avatar\\\/45143889b48f48bf53caa0d255034f53f0935222a05ecd6fdaa82bc6e8e3de24?s=96&d=mm&r=g\",\"url\":\"https:\\\/\\\/secure.gravatar.com\\\/avatar\\\/45143889b48f48bf53caa0d255034f53f0935222a05ecd6fdaa82bc6e8e3de24?s=96&d=mm&r=g\",\"contentUrl\":\"https:\\\/\\\/secure.gravatar.com\\\/avatar\\\/45143889b48f48bf53caa0d255034f53f0935222a05ecd6fdaa82bc6e8e3de24?s=96&d=mm&r=g\",\"caption\":\"Pr. Nelson Gouv\u00eaa\"},\"url\":\"https:\\\/\\\/ministeriocomfamilias.com.br\\\/en\\\/author\\\/nelson\\\/\"}]}<\/script>\n<!-- \/ Yoast SEO plugin. -->","yoast_head_json":{"title":"ESCREVA CLARAMENTE A VIS\u00c3O - Minist\u00e9rio com Fam\u00edlias Jesus \u00e9 Senhor","robots":{"index":"index","follow":"follow","max-snippet":"max-snippet:-1","max-image-preview":"max-image-preview:large","max-video-preview":"max-video-preview:-1"},"canonical":"https:\/\/ministeriocomfamilias.com.br\/en\/escreva-claramente-a-visao\/","og_locale":"en_US","og_type":"article","og_title":"ESCREVA CLARAMENTE A VIS\u00c3O - Minist\u00e9rio com Fam\u00edlias Jesus \u00e9 Senhor","og_description":"Voc\u00ea recebeu de Deus alguma dire\u00e7\u00e3o ou vis\u00e3o para sua vida pessoal, familiar, profissional ou ministerial? Existe algum sonho que voc\u00ea entende ter recebido do Senhor, mas que parece estar muito distante da sua realidade atual? \u00c0s vezes, aquilo que Deus coloca em nosso cora\u00e7\u00e3o parece grande demais diante dos recursos que possu\u00edmos. Entretanto, n\u00e3o [&hellip;]","og_url":"https:\/\/ministeriocomfamilias.com.br\/en\/escreva-claramente-a-visao\/","og_site_name":"Minist\u00e9rio com Fam\u00edlias Jesus \u00e9 Senhor","article_published_time":"2026-09-04T12:44:21+00:00","article_modified_time":"2026-09-04T12:44:23+00:00","og_image":[{"width":1024,"height":576,"url":"https:\/\/ministeriocomfamilias.com.br\/wp-content\/uploads\/2026\/09\/escrever-a-visao-1024x576.png","type":"image\/png"}],"author":"Pr. Nelson Gouv\u00eaa","twitter_card":"summary_large_image","twitter_misc":{"Written by":"Pr. Nelson Gouv\u00eaa","Est. reading time":"3 minutes"},"schema":{"@context":"https:\/\/schema.org","@graph":[{"@type":"Article","@id":"https:\/\/ministeriocomfamilias.com.br\/escreva-claramente-a-visao\/#article","isPartOf":{"@id":"https:\/\/ministeriocomfamilias.com.br\/escreva-claramente-a-visao\/"},"author":{"name":"Pr. Nelson Gouv\u00eaa","@id":"https:\/\/ministeriocomfamilias.com.br\/#\/schema\/person\/cec4a3d0054d26ab912f7da686121ef7"},"headline":"ESCREVA CLARAMENTE A VIS\u00c3O","datePublished":"2026-09-04T12:44:21+00:00","dateModified":"2026-09-04T12:44:23+00:00","mainEntityOfPage":{"@id":"https:\/\/ministeriocomfamilias.com.br\/escreva-claramente-a-visao\/"},"wordCount":555,"commentCount":0,"publisher":{"@id":"https:\/\/ministeriocomfamilias.com.br\/#organization"},"image":{"@id":"https:\/\/ministeriocomfamilias.com.br\/escreva-claramente-a-visao\/#primaryimage"},"thumbnailUrl":"https:\/\/ministeriocomfamilias.com.br\/wp-content\/uploads\/2026\/09\/escrever-a-visao.png","keywords":["Atitudes","Circust\u00e3ncias","Cora\u00e7\u00e3o","Deus","Dire\u00e7\u00e3o","F\u00e9","Folha","Fruto","Habacuque","Ministerial","Obras","Paci\u00eancia","Planos","Processos","Profeta","Profissional","Resultados","Senhor","T\u00e1buas","Vida Pessoal","Vis\u00e3o"],"articleSection":["Minist\u00e9rio"],"inLanguage":"en-US","potentialAction":[{"@type":"CommentAction","name":"Comment","target":["https:\/\/ministeriocomfamilias.com.br\/escreva-claramente-a-visao\/#respond"]}]},{"@type":"WebPage","@id":"https:\/\/ministeriocomfamilias.com.br\/escreva-claramente-a-visao\/","url":"https:\/\/ministeriocomfamilias.com.br\/escreva-claramente-a-visao\/","name":"ESCREVA CLARAMENTE A VIS\u00c3O - Minist\u00e9rio com Fam\u00edlias Jesus \u00e9 Senhor","isPartOf":{"@id":"https:\/\/ministeriocomfamilias.com.br\/#website"},"primaryImageOfPage":{"@id":"https:\/\/ministeriocomfamilias.com.br\/escreva-claramente-a-visao\/#primaryimage"},"image":{"@id":"https:\/\/ministeriocomfamilias.com.br\/escreva-claramente-a-visao\/#primaryimage"},"thumbnailUrl":"https:\/\/ministeriocomfamilias.com.br\/wp-content\/uploads\/2026\/09\/escrever-a-visao.png","datePublished":"2026-09-04T12:44:21+00:00","dateModified":"2026-09-04T12:44:23+00:00","breadcrumb":{"@id":"https:\/\/ministeriocomfamilias.com.br\/escreva-claramente-a-visao\/#breadcrumb"},"inLanguage":"en-US","potentialAction":[{"@type":"ReadAction","target":["https:\/\/ministeriocomfamilias.com.br\/escreva-claramente-a-visao\/"]}]},{"@type":"ImageObject","inLanguage":"en-US","@id":"https:\/\/ministeriocomfamilias.com.br\/escreva-claramente-a-visao\/#primaryimage","url":"https:\/\/ministeriocomfamilias.com.br\/wp-content\/uploads\/2026\/09\/escrever-a-visao.png","contentUrl":"https:\/\/ministeriocomfamilias.com.br\/wp-content\/uploads\/2026\/09\/escrever-a-visao.png","width":1672,"height":941},{"@type":"BreadcrumbList","@id":"https:\/\/ministeriocomfamilias.com.br\/escreva-claramente-a-visao\/#breadcrumb","itemListElement":[{"@type":"ListItem","position":1,"name":"In\u00edcio","item":"https:\/\/ministeriocomfamilias.com.br\/"},{"@type":"ListItem","position":2,"name":"ESCREVA CLARAMENTE A VIS\u00c3O"}]},{"@type":"WebSite","@id":"https:\/\/ministeriocomfamilias.com.br\/#website","url":"https:\/\/ministeriocomfamilias.com.br\/","name":"Minist\u00e9rio com Fam\u00edlias Jesus \u00e9 Senhor","description":"Portal da Fam\u00edlia","publisher":{"@id":"https:\/\/ministeriocomfamilias.com.br\/#organization"},"potentialAction":[{"@type":"SearchAction","target":{"@type":"EntryPoint","urlTemplate":"https:\/\/ministeriocomfamilias.com.br\/?s={search_term_string}"},"query-input":{"@type":"PropertyValueSpecification","valueRequired":true,"valueName":"search_term_string"}}],"inLanguage":"en-US"},{"@type":"Organization","@id":"https:\/\/ministeriocomfamilias.com.br\/#organization","name":"Minist\u00e9rio com Fam\u00edlias Jesus \u00e9 Senhor","url":"https:\/\/ministeriocomfamilias.com.br\/","logo":{"@type":"ImageObject","inLanguage":"en-US","@id":"https:\/\/ministeriocomfamilias.com.br\/#\/schema\/logo\/image\/","url":"https:\/\/ministeriocomfamilias.com.br\/wp-content\/uploads\/2026\/08\/logomarca-400x123-1-1.png","contentUrl":"https:\/\/ministeriocomfamilias.com.br\/wp-content\/uploads\/2026\/08\/logomarca-400x123-1-1.png","width":800,"height":246,"caption":"Minist\u00e9rio com Fam\u00edlias Jesus \u00e9 Senhor"},"image":{"@id":"https:\/\/ministeriocomfamilias.com.br\/#\/schema\/logo\/image\/"}},{"@type":"Person","@id":"https:\/\/ministeriocomfamilias.com.br\/#\/schema\/person\/cec4a3d0054d26ab912f7da686121ef7","name":"Pr. Nelson Gouv\u00eaa","image":{"@type":"ImageObject","inLanguage":"en-US","@id":"https:\/\/secure.gravatar.com\/avatar\/45143889b48f48bf53caa0d255034f53f0935222a05ecd6fdaa82bc6e8e3de24?s=96&d=mm&r=g","url":"https:\/\/secure.gravatar.com\/avatar\/45143889b48f48bf53caa0d255034f53f0935222a05ecd6fdaa82bc6e8e3de24?s=96&d=mm&r=g","contentUrl":"https:\/\/secure.gravatar.com\/avatar\/45143889b48f48bf53caa0d255034f53f0935222a05ecd6fdaa82bc6e8e3de24?s=96&d=mm&r=g","caption":"Pr. Nelson Gouv\u00eaa"},"url":"https:\/\/ministeriocomfamilias.com.br\/en\/author\/nelson\/"}]}},"_links":{"self":[{"href":"https:\/\/ministeriocomfamilias.com.br\/en\/wp-json\/wp\/v2\/posts\/985","targetHints":{"allow":["GET"]}}],"collection":[{"href":"https:\/\/ministeriocomfamilias.com.br\/en\/wp-json\/wp\/v2\/posts"}],"about":[{"href":"https:\/\/ministeriocomfamilias.com.br\/en\/wp-json\/wp\/v2\/types\/post"}],"author":[{"embeddable":true,"href":"https:\/\/ministeriocomfamilias.com.br\/en\/wp-json\/wp\/v2\/users\/2"}],"replies":[{"embeddable":true,"href":"https:\/\/ministeriocomfamilias.com.br\/en\/wp-json\/wp\/v2\/comments?post=985"}],"version-history":[{"count":1,"href":"https:\/\/ministeriocomfamilias.com.br\/en\/wp-json\/wp\/v2\/posts\/985\/revisions"}],"predecessor-version":[{"id":987,"href":"https:\/\/ministeriocomfamilias.com.br\/en\/wp-json\/wp\/v2\/posts\/985\/revisions\/987"}],"wp:featuredmedia":[{"embeddable":true,"href":"https:\/\/ministeriocomfamilias.com.br\/en\/wp-json\/wp\/v2\/media\/986"}],"wp:attachment":[{"href":"https:\/\/ministeriocomfamilias.com.br\/en\/wp-json\/wp\/v2\/media?parent=985"}],"wp:term":[{"taxonomy":"category","embeddable":true,"href":"https:\/\/ministeriocomfamilias.com.br\/en\/wp-json\/wp\/v2\/categories?post=985"},{"taxonomy":"post_tag","embeddable":true,"href":"https:\/\/ministeriocomfamilias.com.br\/en\/wp-json\/wp\/v2\/tags?post=985"}],"curies":[{"name":"wp","href":"https:\/\/api.w.org\/{rel}","templated":true}]}}