{"id":988,"date":"2026-09-04T10:54:12","date_gmt":"2026-09-04T13:54:12","guid":{"rendered":"https:\/\/ministeriocomfamilias.com.br\/?p=988"},"modified":"2026-09-04T10:54:58","modified_gmt":"2026-09-04T13:54:58","slug":"o-poder-de-nossas-palavras-2","status":"publish","type":"post","link":"https:\/\/ministeriocomfamilias.com.br\/en\/o-poder-de-nossas-palavras-2\/","title":{"rendered":"O PODER DE NOSSAS PALAVRAS"},"content":{"rendered":"<figure class=\"wp-block-embed is-type-video is-provider-youtube wp-block-embed-youtube ext-animate--on wp-embed-aspect-16-9 wp-has-aspect-ratio\"><div class=\"wp-block-embed__wrapper\">\n<iframe loading=\"lazy\" title=\"O poder de nossas palavras\" width=\"500\" height=\"281\" src=\"https:\/\/www.youtube.com\/embed\/jeUHZscjQsI?feature=oembed\" frameborder=\"0\" allow=\"accelerometer; autoplay; clipboard-write; encrypted-media; gyroscope; picture-in-picture; web-share\" referrerpolicy=\"strict-origin-when-cross-origin\" allowfullscreen><\/iframe>\n<\/div><\/figure>\n\n\n\n<p class=\"ext-animate--on wp-block-paragraph\">Nossas palavras t\u00eam um poder que muitas vezes n\u00e3o percebemos. Elas podem construir ou destruir, aproximar ou afastar, curar ou ferir, trazer esperan\u00e7a ou aumentar a tristeza de algu\u00e9m. Uma palavra dita no momento certo pode transformar um dia, restaurar um relacionamento e at\u00e9 renovar a esperan\u00e7a de uma pessoa. Por outro lado, palavras pronunciadas sem cuidado podem deixar marcas profundas que permanecem por muito tempo.<\/p>\n\n\n\n<p class=\"ext-animate--on wp-block-paragraph\">O salmista Davi compreendeu a import\u00e2ncia de cuidar n\u00e3o apenas daquilo que falava, mas tamb\u00e9m daquilo que existia dentro de seu cora\u00e7\u00e3o. Por isso declarou: <strong>\u201cSejam agrad\u00e1veis as palavras da minha boca e a medita\u00e7\u00e3o do meu cora\u00e7\u00e3o perante a tua face, Senhor, Rocha minha e Redentor meu.\u201d (Salmos 19:14).<\/strong> Essa ora\u00e7\u00e3o revela que nossas palavras s\u00e3o consequ\u00eancia daquilo que alimentamos em nosso interior. Um cora\u00e7\u00e3o cheio de amor, gra\u00e7a e temor a Deus tende a produzir palavras que edificam; um cora\u00e7\u00e3o dominado pela ira, amargura ou ressentimento pode produzir palavras que machucam.<\/p>\n\n\n\n<p class=\"ext-animate--on wp-block-paragraph\">Precisamos compreender que falar n\u00e3o \u00e9 simplesmente emitir sons. <strong>Cada palavra carrega uma mensagem, transmite sentimentos e pode produzir consequ\u00eancias.<\/strong> Dentro de uma fam\u00edlia, nossas palavras podem fortalecer a autoestima dos filhos, encorajar o c\u00f4njuge e promover unidade. Na igreja, podem consolar, ensinar e edificar. No trabalho e nos relacionamentos, podem abrir portas ou criar barreiras.<\/p>\n\n\n\n<p class=\"ext-animate--on wp-block-paragraph\">Por isso, antes de falar, precisamos aprender a pensar. Antes de responder com raiva, devemos buscar sabedoria. Antes de criticar, precisamos avaliar se nossas palavras realmente contribuir\u00e3o para a transforma\u00e7\u00e3o de algu\u00e9m. O verdadeiro desafio n\u00e3o \u00e9 apenas controlar a l\u00edngua, mas permitir que Deus transforme o cora\u00e7\u00e3o. Quando entregamos nossos pensamentos, sentimentos e palavras ao Senhor, nossa comunica\u00e7\u00e3o passa a refletir o car\u00e1ter de Cristo.<\/p>\n\n\n\n<p class=\"ext-animate--on wp-block-paragraph\">Que a ora\u00e7\u00e3o de Davi tamb\u00e9m seja a nossa: <strong>que nossas palavras sejam agrad\u00e1veis diante de Deus e que aquilo que falamos produza vida, esperan\u00e7a, reconcilia\u00e7\u00e3o e edifica\u00e7\u00e3o.<\/strong> Afinal, n\u00e3o podemos escolher todas as circunst\u00e2ncias que enfrentaremos, mas podemos escolher as palavras que usaremos diante delas.<\/p>\n\n\n\n<p class=\"ext-animate--on wp-block-paragraph\">Deus lhe aben\u00e7oe em fam\u00edlia!<\/p>\n\n\n\n<p class=\"ext-animate--on wp-block-paragraph\"><\/p>","protected":false},"excerpt":{"rendered":"<p>Nossas palavras t\u00eam um poder que muitas vezes n\u00e3o percebemos. Elas podem construir ou destruir, aproximar ou afastar, curar ou ferir, trazer esperan\u00e7a ou aumentar a tristeza de algu\u00e9m. Uma palavra dita no momento certo pode transformar um dia, restaurar um relacionamento e at\u00e9 renovar a esperan\u00e7a de uma pessoa. Por outro lado, palavras pronunciadas [&hellip;]<\/p>\n","protected":false},"author":2,"featured_media":989,"comment_status":"open","ping_status":"open","sticky":false,"template":"","format":"standard","meta":{"footnotes":""},"categories":[142],"tags":[374,107,303,248,526,38,525,529,43,528,41,524,199,36,527,508,251,201],"class_list":["post-988","post","type-post","status-publish","format-standard","has-post-thumbnail","hentry","category-videos","tag-amargura","tag-amor","tag-boca","tag-coracao","tag-davi-2","tag-deus","tag-dia","tag-edificacao","tag-esperanca","tag-ira","tag-oracao","tag-palavras","tag-poder","tag-reconciliacao","tag-redentor","tag-rocha","tag-sentimentos","tag-vida"],"yoast_head":"<!-- This site is optimized with the Yoast SEO plugin v28.3 - https:\/\/yoast.com\/product\/yoast-seo-wordpress\/ -->\n<title>O PODER DE NOSSAS PALAVRAS - Minist\u00e9rio com Fam\u00edlias Jesus \u00e9 Senhor<\/title>\n<meta name=\"robots\" content=\"index, follow, max-snippet:-1, max-image-preview:large, max-video-preview:-1\" \/>\n<link rel=\"canonical\" href=\"https:\/\/ministeriocomfamilias.com.br\/en\/o-poder-de-nossas-palavras-2\/\" \/>\n<meta property=\"og:locale\" content=\"en_US\" \/>\n<meta property=\"og:type\" content=\"article\" \/>\n<meta property=\"og:title\" content=\"O PODER DE NOSSAS PALAVRAS - Minist\u00e9rio com Fam\u00edlias Jesus \u00e9 Senhor\" \/>\n<meta property=\"og:description\" content=\"Nossas palavras t\u00eam um poder que muitas vezes n\u00e3o percebemos. Elas podem construir ou destruir, aproximar ou afastar, curar ou ferir, trazer esperan\u00e7a ou aumentar a tristeza de algu\u00e9m. Uma palavra dita no momento certo pode transformar um dia, restaurar um relacionamento e at\u00e9 renovar a esperan\u00e7a de uma pessoa. Por outro lado, palavras pronunciadas [&hellip;]\" \/>\n<meta property=\"og:url\" content=\"https:\/\/ministeriocomfamilias.com.br\/en\/o-poder-de-nossas-palavras-2\/\" \/>\n<meta property=\"og:site_name\" content=\"Minist\u00e9rio com Fam\u00edlias Jesus \u00e9 Senhor\" \/>\n<meta property=\"article:published_time\" content=\"2026-09-04T13:54:12+00:00\" \/>\n<meta property=\"article:modified_time\" content=\"2026-09-04T13:54:58+00:00\" \/>\n<meta property=\"og:image\" content=\"https:\/\/ministeriocomfamilias.com.br\/wp-content\/uploads\/2026\/09\/Palavras1-1024x683.png\" \/>\n\t<meta property=\"og:image:width\" content=\"1024\" \/>\n\t<meta property=\"og:image:height\" content=\"683\" \/>\n\t<meta property=\"og:image:type\" content=\"image\/png\" \/>\n<meta name=\"author\" content=\"Pr. Nelson Gouv\u00eaa\" \/>\n<meta name=\"twitter:card\" content=\"summary_large_image\" \/>\n<meta name=\"twitter:label1\" content=\"Written by\" \/>\n\t<meta name=\"twitter:data1\" content=\"Pr. Nelson Gouv\u00eaa\" \/>\n\t<meta name=\"twitter:label2\" content=\"Est. reading time\" \/>\n\t<meta name=\"twitter:data2\" content=\"1 minute\" \/>\n<script type=\"application\/ld+json\" class=\"yoast-schema-graph\">{\"@context\":\"https:\\\/\\\/schema.org\",\"@graph\":[{\"@type\":\"Article\",\"@id\":\"https:\\\/\\\/ministeriocomfamilias.com.br\\\/o-poder-de-nossas-palavras-2\\\/#article\",\"isPartOf\":{\"@id\":\"https:\\\/\\\/ministeriocomfamilias.com.br\\\/o-poder-de-nossas-palavras-2\\\/\"},\"author\":{\"name\":\"Pr. Nelson Gouv\u00eaa\",\"@id\":\"https:\\\/\\\/ministeriocomfamilias.com.br\\\/#\\\/schema\\\/person\\\/cec4a3d0054d26ab912f7da686121ef7\"},\"headline\":\"O PODER DE NOSSAS PALAVRAS\",\"datePublished\":\"2026-09-04T13:54:12+00:00\",\"dateModified\":\"2026-09-04T13:54:58+00:00\",\"mainEntityOfPage\":{\"@id\":\"https:\\\/\\\/ministeriocomfamilias.com.br\\\/o-poder-de-nossas-palavras-2\\\/\"},\"wordCount\":378,\"commentCount\":0,\"publisher\":{\"@id\":\"https:\\\/\\\/ministeriocomfamilias.com.br\\\/#organization\"},\"image\":{\"@id\":\"https:\\\/\\\/ministeriocomfamilias.com.br\\\/o-poder-de-nossas-palavras-2\\\/#primaryimage\"},\"thumbnailUrl\":\"https:\\\/\\\/ministeriocomfamilias.com.br\\\/wp-content\\\/uploads\\\/2026\\\/09\\\/Palavras1.png\",\"keywords\":[\"Amargura\",\"Amor\",\"Boca\",\"Cora\u00e7\u00e3o\",\"Davi\",\"Deus\",\"Dia\",\"Edifica\u00e7\u00e3o\",\"Esperan\u00e7a\",\"\u00edra\",\"Ora\u00e7\u00e3o\",\"Palavras\",\"Poder\",\"Reconcilia\u00e7\u00e3o\",\"Redentor\",\"Rocha\",\"Sentimentos\",\"Vida\"],\"articleSection\":[\"Videos\"],\"inLanguage\":\"en-US\",\"potentialAction\":[{\"@type\":\"CommentAction\",\"name\":\"Comment\",\"target\":[\"https:\\\/\\\/ministeriocomfamilias.com.br\\\/o-poder-de-nossas-palavras-2\\\/#respond\"]}]},{\"@type\":\"WebPage\",\"@id\":\"https:\\\/\\\/ministeriocomfamilias.com.br\\\/o-poder-de-nossas-palavras-2\\\/\",\"url\":\"https:\\\/\\\/ministeriocomfamilias.com.br\\\/o-poder-de-nossas-palavras-2\\\/\",\"name\":\"O PODER DE NOSSAS PALAVRAS - Minist\u00e9rio com Fam\u00edlias Jesus \u00e9 Senhor\",\"isPartOf\":{\"@id\":\"https:\\\/\\\/ministeriocomfamilias.com.br\\\/#website\"},\"primaryImageOfPage\":{\"@id\":\"https:\\\/\\\/ministeriocomfamilias.com.br\\\/o-poder-de-nossas-palavras-2\\\/#primaryimage\"},\"image\":{\"@id\":\"https:\\\/\\\/ministeriocomfamilias.com.br\\\/o-poder-de-nossas-palavras-2\\\/#primaryimage\"},\"thumbnailUrl\":\"https:\\\/\\\/ministeriocomfamilias.com.br\\\/wp-content\\\/uploads\\\/2026\\\/09\\\/Palavras1.png\",\"datePublished\":\"2026-09-04T13:54:12+00:00\",\"dateModified\":\"2026-09-04T13:54:58+00:00\",\"breadcrumb\":{\"@id\":\"https:\\\/\\\/ministeriocomfamilias.com.br\\\/o-poder-de-nossas-palavras-2\\\/#breadcrumb\"},\"inLanguage\":\"en-US\",\"potentialAction\":[{\"@type\":\"ReadAction\",\"target\":[\"https:\\\/\\\/ministeriocomfamilias.com.br\\\/o-poder-de-nossas-palavras-2\\\/\"]}]},{\"@type\":\"ImageObject\",\"inLanguage\":\"en-US\",\"@id\":\"https:\\\/\\\/ministeriocomfamilias.com.br\\\/o-poder-de-nossas-palavras-2\\\/#primaryimage\",\"url\":\"https:\\\/\\\/ministeriocomfamilias.com.br\\\/wp-content\\\/uploads\\\/2026\\\/09\\\/Palavras1.png\",\"contentUrl\":\"https:\\\/\\\/ministeriocomfamilias.com.br\\\/wp-content\\\/uploads\\\/2026\\\/09\\\/Palavras1.png\",\"width\":1536,\"height\":1024},{\"@type\":\"BreadcrumbList\",\"@id\":\"https:\\\/\\\/ministeriocomfamilias.com.br\\\/o-poder-de-nossas-palavras-2\\\/#breadcrumb\",\"itemListElement\":[{\"@type\":\"ListItem\",\"position\":1,\"name\":\"In\u00edcio\",\"item\":\"https:\\\/\\\/ministeriocomfamilias.com.br\\\/\"},{\"@type\":\"ListItem\",\"position\":2,\"name\":\"O PODER DE NOSSAS PALAVRAS\"}]},{\"@type\":\"WebSite\",\"@id\":\"https:\\\/\\\/ministeriocomfamilias.com.br\\\/#website\",\"url\":\"https:\\\/\\\/ministeriocomfamilias.com.br\\\/\",\"name\":\"Minist\u00e9rio com Fam\u00edlias Jesus \u00e9 Senhor\",\"description\":\"Portal da Fam\u00edlia\",\"publisher\":{\"@id\":\"https:\\\/\\\/ministeriocomfamilias.com.br\\\/#organization\"},\"potentialAction\":[{\"@type\":\"SearchAction\",\"target\":{\"@type\":\"EntryPoint\",\"urlTemplate\":\"https:\\\/\\\/ministeriocomfamilias.com.br\\\/?s={search_term_string}\"},\"query-input\":{\"@type\":\"PropertyValueSpecification\",\"valueRequired\":true,\"valueName\":\"search_term_string\"}}],\"inLanguage\":\"en-US\"},{\"@type\":\"Organization\",\"@id\":\"https:\\\/\\\/ministeriocomfamilias.com.br\\\/#organization\",\"name\":\"Minist\u00e9rio com Fam\u00edlias Jesus \u00e9 Senhor\",\"url\":\"https:\\\/\\\/ministeriocomfamilias.com.br\\\/\",\"logo\":{\"@type\":\"ImageObject\",\"inLanguage\":\"en-US\",\"@id\":\"https:\\\/\\\/ministeriocomfamilias.com.br\\\/#\\\/schema\\\/logo\\\/image\\\/\",\"url\":\"https:\\\/\\\/ministeriocomfamilias.com.br\\\/wp-content\\\/uploads\\\/2026\\\/08\\\/logomarca-400x123-1-1.png\",\"contentUrl\":\"https:\\\/\\\/ministeriocomfamilias.com.br\\\/wp-content\\\/uploads\\\/2026\\\/08\\\/logomarca-400x123-1-1.png\",\"width\":800,\"height\":246,\"caption\":\"Minist\u00e9rio com Fam\u00edlias Jesus \u00e9 Senhor\"},\"image\":{\"@id\":\"https:\\\/\\\/ministeriocomfamilias.com.br\\\/#\\\/schema\\\/logo\\\/image\\\/\"}},{\"@type\":\"Person\",\"@id\":\"https:\\\/\\\/ministeriocomfamilias.com.br\\\/#\\\/schema\\\/person\\\/cec4a3d0054d26ab912f7da686121ef7\",\"name\":\"Pr. Nelson Gouv\u00eaa\",\"image\":{\"@type\":\"ImageObject\",\"inLanguage\":\"en-US\",\"@id\":\"https:\\\/\\\/secure.gravatar.com\\\/avatar\\\/45143889b48f48bf53caa0d255034f53f0935222a05ecd6fdaa82bc6e8e3de24?s=96&d=mm&r=g\",\"url\":\"https:\\\/\\\/secure.gravatar.com\\\/avatar\\\/45143889b48f48bf53caa0d255034f53f0935222a05ecd6fdaa82bc6e8e3de24?s=96&d=mm&r=g\",\"contentUrl\":\"https:\\\/\\\/secure.gravatar.com\\\/avatar\\\/45143889b48f48bf53caa0d255034f53f0935222a05ecd6fdaa82bc6e8e3de24?s=96&d=mm&r=g\",\"caption\":\"Pr. Nelson Gouv\u00eaa\"},\"url\":\"https:\\\/\\\/ministeriocomfamilias.com.br\\\/en\\\/author\\\/nelson\\\/\"}]}<\/script>\n<!-- \/ Yoast SEO plugin. -->","yoast_head_json":{"title":"O PODER DE NOSSAS PALAVRAS - Minist\u00e9rio com Fam\u00edlias Jesus \u00e9 Senhor","robots":{"index":"index","follow":"follow","max-snippet":"max-snippet:-1","max-image-preview":"max-image-preview:large","max-video-preview":"max-video-preview:-1"},"canonical":"https:\/\/ministeriocomfamilias.com.br\/en\/o-poder-de-nossas-palavras-2\/","og_locale":"en_US","og_type":"article","og_title":"O PODER DE NOSSAS PALAVRAS - Minist\u00e9rio com Fam\u00edlias Jesus \u00e9 Senhor","og_description":"Nossas palavras t\u00eam um poder que muitas vezes n\u00e3o percebemos. Elas podem construir ou destruir, aproximar ou afastar, curar ou ferir, trazer esperan\u00e7a ou aumentar a tristeza de algu\u00e9m. Uma palavra dita no momento certo pode transformar um dia, restaurar um relacionamento e at\u00e9 renovar a esperan\u00e7a de uma pessoa. Por outro lado, palavras pronunciadas [&hellip;]","og_url":"https:\/\/ministeriocomfamilias.com.br\/en\/o-poder-de-nossas-palavras-2\/","og_site_name":"Minist\u00e9rio com Fam\u00edlias Jesus \u00e9 Senhor","article_published_time":"2026-09-04T13:54:12+00:00","article_modified_time":"2026-09-04T13:54:58+00:00","og_image":[{"width":1024,"height":683,"url":"https:\/\/ministeriocomfamilias.com.br\/wp-content\/uploads\/2026\/09\/Palavras1-1024x683.png","type":"image\/png"}],"author":"Pr. Nelson Gouv\u00eaa","twitter_card":"summary_large_image","twitter_misc":{"Written by":"Pr. Nelson Gouv\u00eaa","Est. reading time":"1 minute"},"schema":{"@context":"https:\/\/schema.org","@graph":[{"@type":"Article","@id":"https:\/\/ministeriocomfamilias.com.br\/o-poder-de-nossas-palavras-2\/#article","isPartOf":{"@id":"https:\/\/ministeriocomfamilias.com.br\/o-poder-de-nossas-palavras-2\/"},"author":{"name":"Pr. Nelson Gouv\u00eaa","@id":"https:\/\/ministeriocomfamilias.com.br\/#\/schema\/person\/cec4a3d0054d26ab912f7da686121ef7"},"headline":"O PODER DE NOSSAS PALAVRAS","datePublished":"2026-09-04T13:54:12+00:00","dateModified":"2026-09-04T13:54:58+00:00","mainEntityOfPage":{"@id":"https:\/\/ministeriocomfamilias.com.br\/o-poder-de-nossas-palavras-2\/"},"wordCount":378,"commentCount":0,"publisher":{"@id":"https:\/\/ministeriocomfamilias.com.br\/#organization"},"image":{"@id":"https:\/\/ministeriocomfamilias.com.br\/o-poder-de-nossas-palavras-2\/#primaryimage"},"thumbnailUrl":"https:\/\/ministeriocomfamilias.com.br\/wp-content\/uploads\/2026\/09\/Palavras1.png","keywords":["Amargura","Amor","Boca","Cora\u00e7\u00e3o","Davi","Deus","Dia","Edifica\u00e7\u00e3o","Esperan\u00e7a","\u00edra","Ora\u00e7\u00e3o","Palavras","Poder","Reconcilia\u00e7\u00e3o","Redentor","Rocha","Sentimentos","Vida"],"articleSection":["Videos"],"inLanguage":"en-US","potentialAction":[{"@type":"CommentAction","name":"Comment","target":["https:\/\/ministeriocomfamilias.com.br\/o-poder-de-nossas-palavras-2\/#respond"]}]},{"@type":"WebPage","@id":"https:\/\/ministeriocomfamilias.com.br\/o-poder-de-nossas-palavras-2\/","url":"https:\/\/ministeriocomfamilias.com.br\/o-poder-de-nossas-palavras-2\/","name":"O PODER DE NOSSAS PALAVRAS - Minist\u00e9rio com Fam\u00edlias Jesus \u00e9 Senhor","isPartOf":{"@id":"https:\/\/ministeriocomfamilias.com.br\/#website"},"primaryImageOfPage":{"@id":"https:\/\/ministeriocomfamilias.com.br\/o-poder-de-nossas-palavras-2\/#primaryimage"},"image":{"@id":"https:\/\/ministeriocomfamilias.com.br\/o-poder-de-nossas-palavras-2\/#primaryimage"},"thumbnailUrl":"https:\/\/ministeriocomfamilias.com.br\/wp-content\/uploads\/2026\/09\/Palavras1.png","datePublished":"2026-09-04T13:54:12+00:00","dateModified":"2026-09-04T13:54:58+00:00","breadcrumb":{"@id":"https:\/\/ministeriocomfamilias.com.br\/o-poder-de-nossas-palavras-2\/#breadcrumb"},"inLanguage":"en-US","potentialAction":[{"@type":"ReadAction","target":["https:\/\/ministeriocomfamilias.com.br\/o-poder-de-nossas-palavras-2\/"]}]},{"@type":"ImageObject","inLanguage":"en-US","@id":"https:\/\/ministeriocomfamilias.com.br\/o-poder-de-nossas-palavras-2\/#primaryimage","url":"https:\/\/ministeriocomfamilias.com.br\/wp-content\/uploads\/2026\/09\/Palavras1.png","contentUrl":"https:\/\/ministeriocomfamilias.com.br\/wp-content\/uploads\/2026\/09\/Palavras1.png","width":1536,"height":1024},{"@type":"BreadcrumbList","@id":"https:\/\/ministeriocomfamilias.com.br\/o-poder-de-nossas-palavras-2\/#breadcrumb","itemListElement":[{"@type":"ListItem","position":1,"name":"In\u00edcio","item":"https:\/\/ministeriocomfamilias.com.br\/"},{"@type":"ListItem","position":2,"name":"O PODER DE NOSSAS PALAVRAS"}]},{"@type":"WebSite","@id":"https:\/\/ministeriocomfamilias.com.br\/#website","url":"https:\/\/ministeriocomfamilias.com.br\/","name":"Minist\u00e9rio com Fam\u00edlias Jesus \u00e9 Senhor","description":"Portal da Fam\u00edlia","publisher":{"@id":"https:\/\/ministeriocomfamilias.com.br\/#organization"},"potentialAction":[{"@type":"SearchAction","target":{"@type":"EntryPoint","urlTemplate":"https:\/\/ministeriocomfamilias.com.br\/?s={search_term_string}"},"query-input":{"@type":"PropertyValueSpecification","valueRequired":true,"valueName":"search_term_string"}}],"inLanguage":"en-US"},{"@type":"Organization","@id":"https:\/\/ministeriocomfamilias.com.br\/#organization","name":"Minist\u00e9rio com Fam\u00edlias Jesus \u00e9 Senhor","url":"https:\/\/ministeriocomfamilias.com.br\/","logo":{"@type":"ImageObject","inLanguage":"en-US","@id":"https:\/\/ministeriocomfamilias.com.br\/#\/schema\/logo\/image\/","url":"https:\/\/ministeriocomfamilias.com.br\/wp-content\/uploads\/2026\/08\/logomarca-400x123-1-1.png","contentUrl":"https:\/\/ministeriocomfamilias.com.br\/wp-content\/uploads\/2026\/08\/logomarca-400x123-1-1.png","width":800,"height":246,"caption":"Minist\u00e9rio com Fam\u00edlias Jesus \u00e9 Senhor"},"image":{"@id":"https:\/\/ministeriocomfamilias.com.br\/#\/schema\/logo\/image\/"}},{"@type":"Person","@id":"https:\/\/ministeriocomfamilias.com.br\/#\/schema\/person\/cec4a3d0054d26ab912f7da686121ef7","name":"Pr. Nelson Gouv\u00eaa","image":{"@type":"ImageObject","inLanguage":"en-US","@id":"https:\/\/secure.gravatar.com\/avatar\/45143889b48f48bf53caa0d255034f53f0935222a05ecd6fdaa82bc6e8e3de24?s=96&d=mm&r=g","url":"https:\/\/secure.gravatar.com\/avatar\/45143889b48f48bf53caa0d255034f53f0935222a05ecd6fdaa82bc6e8e3de24?s=96&d=mm&r=g","contentUrl":"https:\/\/secure.gravatar.com\/avatar\/45143889b48f48bf53caa0d255034f53f0935222a05ecd6fdaa82bc6e8e3de24?s=96&d=mm&r=g","caption":"Pr. Nelson Gouv\u00eaa"},"url":"https:\/\/ministeriocomfamilias.com.br\/en\/author\/nelson\/"}]}},"_links":{"self":[{"href":"https:\/\/ministeriocomfamilias.com.br\/en\/wp-json\/wp\/v2\/posts\/988","targetHints":{"allow":["GET"]}}],"collection":[{"href":"https:\/\/ministeriocomfamilias.com.br\/en\/wp-json\/wp\/v2\/posts"}],"about":[{"href":"https:\/\/ministeriocomfamilias.com.br\/en\/wp-json\/wp\/v2\/types\/post"}],"author":[{"embeddable":true,"href":"https:\/\/ministeriocomfamilias.com.br\/en\/wp-json\/wp\/v2\/users\/2"}],"replies":[{"embeddable":true,"href":"https:\/\/ministeriocomfamilias.com.br\/en\/wp-json\/wp\/v2\/comments?post=988"}],"version-history":[{"count":1,"href":"https:\/\/ministeriocomfamilias.com.br\/en\/wp-json\/wp\/v2\/posts\/988\/revisions"}],"predecessor-version":[{"id":990,"href":"https:\/\/ministeriocomfamilias.com.br\/en\/wp-json\/wp\/v2\/posts\/988\/revisions\/990"}],"wp:featuredmedia":[{"embeddable":true,"href":"https:\/\/ministeriocomfamilias.com.br\/en\/wp-json\/wp\/v2\/media\/989"}],"wp:attachment":[{"href":"https:\/\/ministeriocomfamilias.com.br\/en\/wp-json\/wp\/v2\/media?parent=988"}],"wp:term":[{"taxonomy":"category","embeddable":true,"href":"https:\/\/ministeriocomfamilias.com.br\/en\/wp-json\/wp\/v2\/categories?post=988"},{"taxonomy":"post_tag","embeddable":true,"href":"https:\/\/ministeriocomfamilias.com.br\/en\/wp-json\/wp\/v2\/tags?post=988"}],"curies":[{"name":"wp","href":"https:\/\/api.w.org\/{rel}","templated":true}]}}