{"id":991,"date":"2026-09-05T09:19:12","date_gmt":"2026-09-05T12:19:12","guid":{"rendered":"https:\/\/ministeriocomfamilias.com.br\/?p=991"},"modified":"2026-09-05T09:19:14","modified_gmt":"2026-09-05T12:19:14","slug":"sob-a-protecao-do-deus-altissimo","status":"publish","type":"post","link":"https:\/\/ministeriocomfamilias.com.br\/en\/sob-a-protecao-do-deus-altissimo\/","title":{"rendered":"SOB A PROTE\u00c7\u00c3O DO DEUS ALT\u00cdSSIMO"},"content":{"rendered":"<p class=\"ext-animate--on wp-block-paragraph\">O Salmo 91 \u00e9 uma das mais belas declara\u00e7\u00f5es de confian\u00e7a e seguran\u00e7a na presen\u00e7a de Deus. Ele n\u00e3o nos ensina que jamais enfrentaremos dificuldades, mas nos lembra de uma verdade poderosa: <strong>mesmo em meio \u00e0s adversidades, n\u00e3o estaremos sozinhos. Deus permanecer\u00e1 conosco, sustentando, protegendo e fortalecendo aqueles que nele confiam.<\/strong><\/p>\n\n\n\n<p class=\"ext-animate--on wp-block-paragraph\">Quem escolhe habitar na presen\u00e7a do Alt\u00edssimo pode declarar com f\u00e9: <strong>Senhor, Tu \u00e9s o meu abrigo e a minha fortaleza. Tu \u00e9s o meu Deus; em Ti colocarei toda a minha confian\u00e7a.<\/strong> Quando surgirem armadilhas pelo caminho, Tu me livrar\u00e1s. Quando vierem tempos dif\u00edceis, encontrarei seguran\u00e7a debaixo das Tuas asas. A Tua fidelidade ser\u00e1 o meu escudo e a minha prote\u00e7\u00e3o. N\u00e3o viverei dominado pelo medo durante a noite, nem pelas amea\u00e7as que surgirem durante o dia. N\u00e3o temerei aquilo que n\u00e3o consigo controlar, porque sei que a minha vida est\u00e1 nas Tuas m\u00e3os. Ainda que muitas pessoas ao meu redor sejam atingidas pelas dificuldades, permanecerei confiando em Ti, sabendo que Tu \u00e9s o meu ref\u00fagio.<\/p>\n\n\n\n<p class=\"ext-animate--on wp-block-paragraph\"><strong>Tu \u00e9s a minha morada segura.<\/strong> Por isso, n\u00e3o permitirei que o medo governe o meu cora\u00e7\u00e3o. Colocarei diante de Ti minhas preocupa\u00e7\u00f5es, minha fam\u00edlia, minha casa, meus projetos e tudo aquilo que considero importante, pois A Tua Palavra declara: <strong>\u201cAquele que habita no abrigo do Alt\u00edssimo e descansa \u00e0 sombra do Todo-poderoso pode dizer ao Senhor: Tu \u00e9s o meu ref\u00fagio e a minha fortaleza, o meu Deus, em quem confio.\u201d (Salmos 91:1-2<\/strong><em>)<\/em><\/p>\n\n\n\n<p class=\"ext-animate--on wp-block-paragraph\">Mesmo quando o caminho parecer dif\u00edcil, n\u00e3o caminharei sozinho. O Senhor estar\u00e1 comigo e enviar\u00e1 os Seus anjos para me guardar, conforme a Tua vontade. Quando eu trope\u00e7ar, Tu me sustentar\u00e1s e me ajudar\u00e1s a continuar.<\/p>\n\n\n\n<p class=\"ext-animate--on wp-block-paragraph\">A B\u00edblia tamb\u00e9m nos assegura: <strong>\u201cO anjo do Senhor acampa-se ao redor dos que o temem e os livra.\u201d (Salmos 34:7)<\/strong> Por isso, enfrentarei os desafios com coragem. N\u00e3o porque sou forte por mim mesmo, mas porque <strong>o Senhor \u00e9 a minha for\u00e7a<\/strong>. Quando as circunst\u00e2ncias disserem que n\u00e3o h\u00e1 sa\u00edda, lembrarei que Deus continua sendo meu ref\u00fagio. Quando o medo tentar dominar minha mente, escolherei confiar. Quando n\u00e3o souber o que fazer, buscarei a dire\u00e7\u00e3o do Senhor. <strong>\u201cDeus \u00e9 o nosso ref\u00fagio e a nossa fortaleza, aux\u00edlio sempre presente na adversidade.\u201d (Salmos 46:1)<\/strong><\/p>\n\n\n\n<p class=\"ext-animate--on wp-block-paragraph\">E assim diz o Senhor: <strong>\u201cPorque voc\u00ea me ama, eu o livrarei; porque reconhece o meu nome, eu o protegerei. Quando voc\u00ea clamar a mim, eu responderei. Estarei com voc\u00ea nas dificuldades; eu o livrarei e lhe darei honra. Eu o satisfarei com uma vida longa e lhe mostrarei a minha salva\u00e7\u00e3o.\u201d<\/strong> <strong>(Salmos 91:14-16 \u2014 par\u00e1frase)<\/strong><\/p>\n\n\n\n<p class=\"ext-animate--on wp-block-paragraph\">Portanto, <strong>descanse no Senhor!<\/strong> Confie naquele que conhece o seu passado, acompanha o seu presente e est\u00e1 \u00e0 frente do seu futuro. Que a sua casa seja um lugar de ora\u00e7\u00e3o, f\u00e9 e confian\u00e7a em Deus. Que sua fam\u00edlia permane\u00e7a debaixo da Sua gra\u00e7a e que, em todos os momentos, voc\u00eas possam declarar: <strong>\u201cO Senhor \u00e9 o meu ref\u00fagio, a minha fortaleza e o meu Deus; nele confiarei!\u201d<\/strong><\/p>\n\n\n\n<p class=\"ext-animate--on wp-block-paragraph\"><strong>Deus lhe aben\u00e7oe em fam\u00edlia!<\/strong><\/p>\n\n\n\n<p class=\"ext-animate--on wp-block-paragraph\"><\/p>","protected":false},"excerpt":{"rendered":"<p>O Salmo 91 \u00e9 uma das mais belas declara\u00e7\u00f5es de confian\u00e7a e seguran\u00e7a na presen\u00e7a de Deus. Ele n\u00e3o nos ensina que jamais enfrentaremos dificuldades, mas nos lembra de uma verdade poderosa: mesmo em meio \u00e0s adversidades, n\u00e3o estaremos sozinhos. Deus permanecer\u00e1 conosco, sustentando, protegendo e fortalecendo aqueles que nele confiam. Quem escolhe habitar na [&hellip;]<\/p>\n","protected":false},"author":2,"featured_media":992,"comment_status":"open","ping_status":"open","sticky":false,"template":"","format":"standard","meta":{"footnotes":""},"categories":[15],"tags":[532,177,531,32,248,38,404,33,343,234,533,263,245,530,128,201],"class_list":["post-991","post","type-post","status-publish","format-standard","has-post-thumbnail","hentry","category-devocionais","tag-abrigo","tag-adversidades","tag-altissimo","tag-confianca","tag-coracao","tag-deus","tag-dificuldades","tag-fidelidade","tag-fortaleza","tag-futuro","tag-honra","tag-passado","tag-presente","tag-salmos","tag-salvacao","tag-vida"],"yoast_head":"<!-- This site is optimized with the Yoast SEO plugin v28.3 - https:\/\/yoast.com\/product\/yoast-seo-wordpress\/ -->\n<title>SOB A PROTE\u00c7\u00c3O DO DEUS ALT\u00cdSSIMO - Minist\u00e9rio com Fam\u00edlias Jesus \u00e9 Senhor<\/title>\n<meta name=\"robots\" content=\"index, follow, max-snippet:-1, max-image-preview:large, max-video-preview:-1\" \/>\n<link rel=\"canonical\" href=\"https:\/\/ministeriocomfamilias.com.br\/en\/sob-a-protecao-do-deus-altissimo\/\" \/>\n<meta property=\"og:locale\" content=\"en_US\" \/>\n<meta property=\"og:type\" content=\"article\" \/>\n<meta property=\"og:title\" content=\"SOB A PROTE\u00c7\u00c3O DO DEUS ALT\u00cdSSIMO - Minist\u00e9rio com Fam\u00edlias Jesus \u00e9 Senhor\" \/>\n<meta property=\"og:description\" content=\"O Salmo 91 \u00e9 uma das mais belas declara\u00e7\u00f5es de confian\u00e7a e seguran\u00e7a na presen\u00e7a de Deus. Ele n\u00e3o nos ensina que jamais enfrentaremos dificuldades, mas nos lembra de uma verdade poderosa: mesmo em meio \u00e0s adversidades, n\u00e3o estaremos sozinhos. Deus permanecer\u00e1 conosco, sustentando, protegendo e fortalecendo aqueles que nele confiam. Quem escolhe habitar na [&hellip;]\" \/>\n<meta property=\"og:url\" content=\"https:\/\/ministeriocomfamilias.com.br\/en\/sob-a-protecao-do-deus-altissimo\/\" \/>\n<meta property=\"og:site_name\" content=\"Minist\u00e9rio com Fam\u00edlias Jesus \u00e9 Senhor\" \/>\n<meta property=\"article:published_time\" content=\"2026-09-05T12:19:12+00:00\" \/>\n<meta property=\"article:modified_time\" content=\"2026-09-05T12:19:14+00:00\" \/>\n<meta property=\"og:image\" content=\"https:\/\/ministeriocomfamilias.com.br\/wp-content\/uploads\/2026\/09\/salmos-91-1024x576.png\" \/>\n\t<meta property=\"og:image:width\" content=\"1024\" \/>\n\t<meta property=\"og:image:height\" content=\"576\" \/>\n\t<meta property=\"og:image:type\" content=\"image\/png\" \/>\n<meta name=\"author\" content=\"Pr. Nelson Gouv\u00eaa\" \/>\n<meta name=\"twitter:card\" content=\"summary_large_image\" \/>\n<meta name=\"twitter:label1\" content=\"Written by\" \/>\n\t<meta name=\"twitter:data1\" content=\"Pr. Nelson Gouv\u00eaa\" \/>\n\t<meta name=\"twitter:label2\" content=\"Est. reading time\" \/>\n\t<meta name=\"twitter:data2\" content=\"3 minutes\" \/>\n<script type=\"application\/ld+json\" class=\"yoast-schema-graph\">{\"@context\":\"https:\\\/\\\/schema.org\",\"@graph\":[{\"@type\":\"Article\",\"@id\":\"https:\\\/\\\/ministeriocomfamilias.com.br\\\/sob-a-protecao-do-deus-altissimo\\\/#article\",\"isPartOf\":{\"@id\":\"https:\\\/\\\/ministeriocomfamilias.com.br\\\/sob-a-protecao-do-deus-altissimo\\\/\"},\"author\":{\"name\":\"Pr. Nelson Gouv\u00eaa\",\"@id\":\"https:\\\/\\\/ministeriocomfamilias.com.br\\\/#\\\/schema\\\/person\\\/cec4a3d0054d26ab912f7da686121ef7\"},\"headline\":\"SOB A PROTE\u00c7\u00c3O DO DEUS ALT\u00cdSSIMO\",\"datePublished\":\"2026-09-05T12:19:12+00:00\",\"dateModified\":\"2026-09-05T12:19:14+00:00\",\"mainEntityOfPage\":{\"@id\":\"https:\\\/\\\/ministeriocomfamilias.com.br\\\/sob-a-protecao-do-deus-altissimo\\\/\"},\"wordCount\":552,\"commentCount\":0,\"publisher\":{\"@id\":\"https:\\\/\\\/ministeriocomfamilias.com.br\\\/#organization\"},\"image\":{\"@id\":\"https:\\\/\\\/ministeriocomfamilias.com.br\\\/sob-a-protecao-do-deus-altissimo\\\/#primaryimage\"},\"thumbnailUrl\":\"https:\\\/\\\/ministeriocomfamilias.com.br\\\/wp-content\\\/uploads\\\/2026\\\/09\\\/salmos-91.png\",\"keywords\":[\"Abrigo\",\"Adversidades\",\"Alt\u00edssimo\",\"Confian\u00e7a\",\"Cora\u00e7\u00e3o\",\"Deus\",\"Dificuldades\",\"Fidelidade\",\"Fortaleza\",\"Futuro\",\"Honra\",\"Passado\",\"Presente\",\"Salmos\",\"Salva\u00e7\u00e3o\",\"Vida\"],\"articleSection\":[\"Devocionais\"],\"inLanguage\":\"en-US\",\"potentialAction\":[{\"@type\":\"CommentAction\",\"name\":\"Comment\",\"target\":[\"https:\\\/\\\/ministeriocomfamilias.com.br\\\/sob-a-protecao-do-deus-altissimo\\\/#respond\"]}]},{\"@type\":\"WebPage\",\"@id\":\"https:\\\/\\\/ministeriocomfamilias.com.br\\\/sob-a-protecao-do-deus-altissimo\\\/\",\"url\":\"https:\\\/\\\/ministeriocomfamilias.com.br\\\/sob-a-protecao-do-deus-altissimo\\\/\",\"name\":\"SOB A PROTE\u00c7\u00c3O DO DEUS ALT\u00cdSSIMO - Minist\u00e9rio com Fam\u00edlias Jesus \u00e9 Senhor\",\"isPartOf\":{\"@id\":\"https:\\\/\\\/ministeriocomfamilias.com.br\\\/#website\"},\"primaryImageOfPage\":{\"@id\":\"https:\\\/\\\/ministeriocomfamilias.com.br\\\/sob-a-protecao-do-deus-altissimo\\\/#primaryimage\"},\"image\":{\"@id\":\"https:\\\/\\\/ministeriocomfamilias.com.br\\\/sob-a-protecao-do-deus-altissimo\\\/#primaryimage\"},\"thumbnailUrl\":\"https:\\\/\\\/ministeriocomfamilias.com.br\\\/wp-content\\\/uploads\\\/2026\\\/09\\\/salmos-91.png\",\"datePublished\":\"2026-09-05T12:19:12+00:00\",\"dateModified\":\"2026-09-05T12:19:14+00:00\",\"breadcrumb\":{\"@id\":\"https:\\\/\\\/ministeriocomfamilias.com.br\\\/sob-a-protecao-do-deus-altissimo\\\/#breadcrumb\"},\"inLanguage\":\"en-US\",\"potentialAction\":[{\"@type\":\"ReadAction\",\"target\":[\"https:\\\/\\\/ministeriocomfamilias.com.br\\\/sob-a-protecao-do-deus-altissimo\\\/\"]}]},{\"@type\":\"ImageObject\",\"inLanguage\":\"en-US\",\"@id\":\"https:\\\/\\\/ministeriocomfamilias.com.br\\\/sob-a-protecao-do-deus-altissimo\\\/#primaryimage\",\"url\":\"https:\\\/\\\/ministeriocomfamilias.com.br\\\/wp-content\\\/uploads\\\/2026\\\/09\\\/salmos-91.png\",\"contentUrl\":\"https:\\\/\\\/ministeriocomfamilias.com.br\\\/wp-content\\\/uploads\\\/2026\\\/09\\\/salmos-91.png\",\"width\":1672,\"height\":941},{\"@type\":\"BreadcrumbList\",\"@id\":\"https:\\\/\\\/ministeriocomfamilias.com.br\\\/sob-a-protecao-do-deus-altissimo\\\/#breadcrumb\",\"itemListElement\":[{\"@type\":\"ListItem\",\"position\":1,\"name\":\"In\u00edcio\",\"item\":\"https:\\\/\\\/ministeriocomfamilias.com.br\\\/\"},{\"@type\":\"ListItem\",\"position\":2,\"name\":\"SOB A PROTE\u00c7\u00c3O DO DEUS ALT\u00cdSSIMO\"}]},{\"@type\":\"WebSite\",\"@id\":\"https:\\\/\\\/ministeriocomfamilias.com.br\\\/#website\",\"url\":\"https:\\\/\\\/ministeriocomfamilias.com.br\\\/\",\"name\":\"Minist\u00e9rio com Fam\u00edlias Jesus \u00e9 Senhor\",\"description\":\"Portal da Fam\u00edlia\",\"publisher\":{\"@id\":\"https:\\\/\\\/ministeriocomfamilias.com.br\\\/#organization\"},\"potentialAction\":[{\"@type\":\"SearchAction\",\"target\":{\"@type\":\"EntryPoint\",\"urlTemplate\":\"https:\\\/\\\/ministeriocomfamilias.com.br\\\/?s={search_term_string}\"},\"query-input\":{\"@type\":\"PropertyValueSpecification\",\"valueRequired\":true,\"valueName\":\"search_term_string\"}}],\"inLanguage\":\"en-US\"},{\"@type\":\"Organization\",\"@id\":\"https:\\\/\\\/ministeriocomfamilias.com.br\\\/#organization\",\"name\":\"Minist\u00e9rio com Fam\u00edlias Jesus \u00e9 Senhor\",\"url\":\"https:\\\/\\\/ministeriocomfamilias.com.br\\\/\",\"logo\":{\"@type\":\"ImageObject\",\"inLanguage\":\"en-US\",\"@id\":\"https:\\\/\\\/ministeriocomfamilias.com.br\\\/#\\\/schema\\\/logo\\\/image\\\/\",\"url\":\"https:\\\/\\\/ministeriocomfamilias.com.br\\\/wp-content\\\/uploads\\\/2026\\\/08\\\/logomarca-400x123-1-1.png\",\"contentUrl\":\"https:\\\/\\\/ministeriocomfamilias.com.br\\\/wp-content\\\/uploads\\\/2026\\\/08\\\/logomarca-400x123-1-1.png\",\"width\":800,\"height\":246,\"caption\":\"Minist\u00e9rio com Fam\u00edlias Jesus \u00e9 Senhor\"},\"image\":{\"@id\":\"https:\\\/\\\/ministeriocomfamilias.com.br\\\/#\\\/schema\\\/logo\\\/image\\\/\"}},{\"@type\":\"Person\",\"@id\":\"https:\\\/\\\/ministeriocomfamilias.com.br\\\/#\\\/schema\\\/person\\\/cec4a3d0054d26ab912f7da686121ef7\",\"name\":\"Pr. Nelson Gouv\u00eaa\",\"image\":{\"@type\":\"ImageObject\",\"inLanguage\":\"en-US\",\"@id\":\"https:\\\/\\\/secure.gravatar.com\\\/avatar\\\/45143889b48f48bf53caa0d255034f53f0935222a05ecd6fdaa82bc6e8e3de24?s=96&d=mm&r=g\",\"url\":\"https:\\\/\\\/secure.gravatar.com\\\/avatar\\\/45143889b48f48bf53caa0d255034f53f0935222a05ecd6fdaa82bc6e8e3de24?s=96&d=mm&r=g\",\"contentUrl\":\"https:\\\/\\\/secure.gravatar.com\\\/avatar\\\/45143889b48f48bf53caa0d255034f53f0935222a05ecd6fdaa82bc6e8e3de24?s=96&d=mm&r=g\",\"caption\":\"Pr. Nelson Gouv\u00eaa\"},\"url\":\"https:\\\/\\\/ministeriocomfamilias.com.br\\\/en\\\/author\\\/nelson\\\/\"}]}<\/script>\n<!-- \/ Yoast SEO plugin. -->","yoast_head_json":{"title":"SOB A PROTE\u00c7\u00c3O DO DEUS ALT\u00cdSSIMO - Minist\u00e9rio com Fam\u00edlias Jesus \u00e9 Senhor","robots":{"index":"index","follow":"follow","max-snippet":"max-snippet:-1","max-image-preview":"max-image-preview:large","max-video-preview":"max-video-preview:-1"},"canonical":"https:\/\/ministeriocomfamilias.com.br\/en\/sob-a-protecao-do-deus-altissimo\/","og_locale":"en_US","og_type":"article","og_title":"SOB A PROTE\u00c7\u00c3O DO DEUS ALT\u00cdSSIMO - Minist\u00e9rio com Fam\u00edlias Jesus \u00e9 Senhor","og_description":"O Salmo 91 \u00e9 uma das mais belas declara\u00e7\u00f5es de confian\u00e7a e seguran\u00e7a na presen\u00e7a de Deus. Ele n\u00e3o nos ensina que jamais enfrentaremos dificuldades, mas nos lembra de uma verdade poderosa: mesmo em meio \u00e0s adversidades, n\u00e3o estaremos sozinhos. Deus permanecer\u00e1 conosco, sustentando, protegendo e fortalecendo aqueles que nele confiam. Quem escolhe habitar na [&hellip;]","og_url":"https:\/\/ministeriocomfamilias.com.br\/en\/sob-a-protecao-do-deus-altissimo\/","og_site_name":"Minist\u00e9rio com Fam\u00edlias Jesus \u00e9 Senhor","article_published_time":"2026-09-05T12:19:12+00:00","article_modified_time":"2026-09-05T12:19:14+00:00","og_image":[{"width":1024,"height":576,"url":"https:\/\/ministeriocomfamilias.com.br\/wp-content\/uploads\/2026\/09\/salmos-91-1024x576.png","type":"image\/png"}],"author":"Pr. Nelson Gouv\u00eaa","twitter_card":"summary_large_image","twitter_misc":{"Written by":"Pr. Nelson Gouv\u00eaa","Est. reading time":"3 minutes"},"schema":{"@context":"https:\/\/schema.org","@graph":[{"@type":"Article","@id":"https:\/\/ministeriocomfamilias.com.br\/sob-a-protecao-do-deus-altissimo\/#article","isPartOf":{"@id":"https:\/\/ministeriocomfamilias.com.br\/sob-a-protecao-do-deus-altissimo\/"},"author":{"name":"Pr. Nelson Gouv\u00eaa","@id":"https:\/\/ministeriocomfamilias.com.br\/#\/schema\/person\/cec4a3d0054d26ab912f7da686121ef7"},"headline":"SOB A PROTE\u00c7\u00c3O DO DEUS ALT\u00cdSSIMO","datePublished":"2026-09-05T12:19:12+00:00","dateModified":"2026-09-05T12:19:14+00:00","mainEntityOfPage":{"@id":"https:\/\/ministeriocomfamilias.com.br\/sob-a-protecao-do-deus-altissimo\/"},"wordCount":552,"commentCount":0,"publisher":{"@id":"https:\/\/ministeriocomfamilias.com.br\/#organization"},"image":{"@id":"https:\/\/ministeriocomfamilias.com.br\/sob-a-protecao-do-deus-altissimo\/#primaryimage"},"thumbnailUrl":"https:\/\/ministeriocomfamilias.com.br\/wp-content\/uploads\/2026\/09\/salmos-91.png","keywords":["Abrigo","Adversidades","Alt\u00edssimo","Confian\u00e7a","Cora\u00e7\u00e3o","Deus","Dificuldades","Fidelidade","Fortaleza","Futuro","Honra","Passado","Presente","Salmos","Salva\u00e7\u00e3o","Vida"],"articleSection":["Devocionais"],"inLanguage":"en-US","potentialAction":[{"@type":"CommentAction","name":"Comment","target":["https:\/\/ministeriocomfamilias.com.br\/sob-a-protecao-do-deus-altissimo\/#respond"]}]},{"@type":"WebPage","@id":"https:\/\/ministeriocomfamilias.com.br\/sob-a-protecao-do-deus-altissimo\/","url":"https:\/\/ministeriocomfamilias.com.br\/sob-a-protecao-do-deus-altissimo\/","name":"SOB A PROTE\u00c7\u00c3O DO DEUS ALT\u00cdSSIMO - Minist\u00e9rio com Fam\u00edlias Jesus \u00e9 Senhor","isPartOf":{"@id":"https:\/\/ministeriocomfamilias.com.br\/#website"},"primaryImageOfPage":{"@id":"https:\/\/ministeriocomfamilias.com.br\/sob-a-protecao-do-deus-altissimo\/#primaryimage"},"image":{"@id":"https:\/\/ministeriocomfamilias.com.br\/sob-a-protecao-do-deus-altissimo\/#primaryimage"},"thumbnailUrl":"https:\/\/ministeriocomfamilias.com.br\/wp-content\/uploads\/2026\/09\/salmos-91.png","datePublished":"2026-09-05T12:19:12+00:00","dateModified":"2026-09-05T12:19:14+00:00","breadcrumb":{"@id":"https:\/\/ministeriocomfamilias.com.br\/sob-a-protecao-do-deus-altissimo\/#breadcrumb"},"inLanguage":"en-US","potentialAction":[{"@type":"ReadAction","target":["https:\/\/ministeriocomfamilias.com.br\/sob-a-protecao-do-deus-altissimo\/"]}]},{"@type":"ImageObject","inLanguage":"en-US","@id":"https:\/\/ministeriocomfamilias.com.br\/sob-a-protecao-do-deus-altissimo\/#primaryimage","url":"https:\/\/ministeriocomfamilias.com.br\/wp-content\/uploads\/2026\/09\/salmos-91.png","contentUrl":"https:\/\/ministeriocomfamilias.com.br\/wp-content\/uploads\/2026\/09\/salmos-91.png","width":1672,"height":941},{"@type":"BreadcrumbList","@id":"https:\/\/ministeriocomfamilias.com.br\/sob-a-protecao-do-deus-altissimo\/#breadcrumb","itemListElement":[{"@type":"ListItem","position":1,"name":"In\u00edcio","item":"https:\/\/ministeriocomfamilias.com.br\/"},{"@type":"ListItem","position":2,"name":"SOB A PROTE\u00c7\u00c3O DO DEUS ALT\u00cdSSIMO"}]},{"@type":"WebSite","@id":"https:\/\/ministeriocomfamilias.com.br\/#website","url":"https:\/\/ministeriocomfamilias.com.br\/","name":"Minist\u00e9rio com Fam\u00edlias Jesus \u00e9 Senhor","description":"Portal da Fam\u00edlia","publisher":{"@id":"https:\/\/ministeriocomfamilias.com.br\/#organization"},"potentialAction":[{"@type":"SearchAction","target":{"@type":"EntryPoint","urlTemplate":"https:\/\/ministeriocomfamilias.com.br\/?s={search_term_string}"},"query-input":{"@type":"PropertyValueSpecification","valueRequired":true,"valueName":"search_term_string"}}],"inLanguage":"en-US"},{"@type":"Organization","@id":"https:\/\/ministeriocomfamilias.com.br\/#organization","name":"Minist\u00e9rio com Fam\u00edlias Jesus \u00e9 Senhor","url":"https:\/\/ministeriocomfamilias.com.br\/","logo":{"@type":"ImageObject","inLanguage":"en-US","@id":"https:\/\/ministeriocomfamilias.com.br\/#\/schema\/logo\/image\/","url":"https:\/\/ministeriocomfamilias.com.br\/wp-content\/uploads\/2026\/08\/logomarca-400x123-1-1.png","contentUrl":"https:\/\/ministeriocomfamilias.com.br\/wp-content\/uploads\/2026\/08\/logomarca-400x123-1-1.png","width":800,"height":246,"caption":"Minist\u00e9rio com Fam\u00edlias Jesus \u00e9 Senhor"},"image":{"@id":"https:\/\/ministeriocomfamilias.com.br\/#\/schema\/logo\/image\/"}},{"@type":"Person","@id":"https:\/\/ministeriocomfamilias.com.br\/#\/schema\/person\/cec4a3d0054d26ab912f7da686121ef7","name":"Pr. Nelson Gouv\u00eaa","image":{"@type":"ImageObject","inLanguage":"en-US","@id":"https:\/\/secure.gravatar.com\/avatar\/45143889b48f48bf53caa0d255034f53f0935222a05ecd6fdaa82bc6e8e3de24?s=96&d=mm&r=g","url":"https:\/\/secure.gravatar.com\/avatar\/45143889b48f48bf53caa0d255034f53f0935222a05ecd6fdaa82bc6e8e3de24?s=96&d=mm&r=g","contentUrl":"https:\/\/secure.gravatar.com\/avatar\/45143889b48f48bf53caa0d255034f53f0935222a05ecd6fdaa82bc6e8e3de24?s=96&d=mm&r=g","caption":"Pr. Nelson Gouv\u00eaa"},"url":"https:\/\/ministeriocomfamilias.com.br\/en\/author\/nelson\/"}]}},"_links":{"self":[{"href":"https:\/\/ministeriocomfamilias.com.br\/en\/wp-json\/wp\/v2\/posts\/991","targetHints":{"allow":["GET"]}}],"collection":[{"href":"https:\/\/ministeriocomfamilias.com.br\/en\/wp-json\/wp\/v2\/posts"}],"about":[{"href":"https:\/\/ministeriocomfamilias.com.br\/en\/wp-json\/wp\/v2\/types\/post"}],"author":[{"embeddable":true,"href":"https:\/\/ministeriocomfamilias.com.br\/en\/wp-json\/wp\/v2\/users\/2"}],"replies":[{"embeddable":true,"href":"https:\/\/ministeriocomfamilias.com.br\/en\/wp-json\/wp\/v2\/comments?post=991"}],"version-history":[{"count":1,"href":"https:\/\/ministeriocomfamilias.com.br\/en\/wp-json\/wp\/v2\/posts\/991\/revisions"}],"predecessor-version":[{"id":993,"href":"https:\/\/ministeriocomfamilias.com.br\/en\/wp-json\/wp\/v2\/posts\/991\/revisions\/993"}],"wp:featuredmedia":[{"embeddable":true,"href":"https:\/\/ministeriocomfamilias.com.br\/en\/wp-json\/wp\/v2\/media\/992"}],"wp:attachment":[{"href":"https:\/\/ministeriocomfamilias.com.br\/en\/wp-json\/wp\/v2\/media?parent=991"}],"wp:term":[{"taxonomy":"category","embeddable":true,"href":"https:\/\/ministeriocomfamilias.com.br\/en\/wp-json\/wp\/v2\/categories?post=991"},{"taxonomy":"post_tag","embeddable":true,"href":"https:\/\/ministeriocomfamilias.com.br\/en\/wp-json\/wp\/v2\/tags?post=991"}],"curies":[{"name":"wp","href":"https:\/\/api.w.org\/{rel}","templated":true}]}}